{"id":581,"date":"2023-07-30T19:28:38","date_gmt":"2023-07-30T19:28:38","guid":{"rendered":"https:\/\/maitresseaurel.grouik.fr\/retour-d-experience-le-cafipemf-a214583165\/"},"modified":"2023-07-30T19:28:38","modified_gmt":"2023-07-30T19:28:38","slug":"retour-d-experience-le-cafipemf-a214583165","status":"publish","type":"post","link":"https:\/\/maitresseaurel.fr\/index.php\/2023\/07\/30\/retour-d-experience-le-cafipemf-a214583165\/","title":{"rendered":"Retour d&rsquo;exp&#xE9;rience : le CAFIPEMF"},"content":{"rendered":"\n<p><em>Comme promis il y a de cela quelques semaines (ou m\u00eame mois d\u00e9j\u00e0 &#8230; :\/) sur IG, je prends enfin le temps de vous faire un \u00ab\u00a0petit\u00a0\u00bb retour sur cette ann\u00e9e scolaire 2022-2023 plac\u00e9e sous le signe du CAFIPEMF. Au-d\u00e9l\u00e0 de cette certification dans laquelle certains sont lanc\u00e9s, j&rsquo;envoie dans un premier temps tout mon courage \u00e0 celles et ceux qui iront au bout de cet article. ;-p<\/em><\/p>\n\n\n\n<p><strong>Le CAFIPEMPF, qu\u2019est-ce que c\u2019est&nbsp;?<\/strong><\/p>\n\n\n\n<p>Le CAFIPEMF est le <strong>certificat d&rsquo;aptitude aux fonctions d&rsquo;instituteur ou de professeur des \u00e9coles ma\u00eetre formateur<\/strong> qui est exig\u00e9 des candidats aux fonctions comportant des activit\u00e9s d&rsquo;animation, de recherche et de formation dans le cadre de la formation initiale et continue des instituteurs ou des professeurs des \u00e9coles (CPC, FUN, EMF ..).<\/p>\n\n\n\n<p>Cet examen a \u00e9t\u00e9<strong> r\u00e9nov\u00e9 en 2021<\/strong> et vise d\u00e9sormais \u00e0 <strong>inscrire le candidat dans un cursus accompagn\u00e9<\/strong> lui permettant une <strong>appropriation progressive des enjeux et des comp\u00e9tences li\u00e9es aux fonctions de formateur<\/strong>, en le pr\u00e9parant en exercice aux attendus de l&rsquo;examen.<\/p>\n\n\n\n<p>Il se d\u00e9roule sur une ann\u00e9e et non plus deux comme quand je l\u2019ai d\u00e9but\u00e9.<\/p>\n\n\n\n<p><strong>Pourquoi l\u2019avoir pass\u00e9&nbsp;?<\/strong><\/p>\n\n\n\n<p>Je suis MAT depuis plusieurs ann\u00e9es et cela me pla\u00eet \u00e9norm\u00e9ment. <strong>Rencontrer et accueillir des futurs\/jeunes coll\u00e8gues, les accompagner dans leurs premi\u00e8res d\u00e9couvertes du terrain<\/strong>, etc \u2026 C\u2019est vraiment quelque chose que j\u2019adore faire.<\/p>\n\n\n\n<p>Depuis plusieurs ann\u00e9es aussi, j\u2019ai eu l\u2019occasion de <strong>mener des missions de formations de toutes sortes<\/strong>&nbsp;: des animations p\u00e9dagogiques aux conf\u00e9rences en passant par l\u2019accompagnement d\u2019\u00e9quipes.<\/p>\n\n\n\n<p>Le confinement a multipli\u00e9 les offres de formations \u00e0 distance et j\u2019ai pu aussi m\u2019essayer \u00e0 la <strong>formation \u00e0 distance<\/strong> en participant des webinaires, des tables rondes virtuelles, etc \u2026 Autant de missions que j\u2019ai pris plaisir \u00e0 faire alors je me suis dit \u00ab&nbsp;pourquoi pas&nbsp;?&nbsp;\u00bb.<\/p>\n\n\n\n<p><strong>Comment se d\u00e9roule-t-il&nbsp;?<\/strong><\/p>\n\n\n\n<p><strong>&#8211;&nbsp;&nbsp;&nbsp;&nbsp;&nbsp;&nbsp;&nbsp; L\u2019inscription<\/strong><\/p>\n\n\n\n<p>Pour s\u2019inscrire il faut justifier de <strong>5 ann\u00e9es de services effectifs<\/strong> et avoir une <strong>visite-conseil de notre IEN<\/strong> de circonscription.<\/p>\n\n\n\n<p>&#8211;&nbsp;&nbsp;&nbsp;&nbsp;&nbsp;&nbsp;&nbsp;<strong>Les \u00e9preuves<\/strong><\/p>\n\n\n\n<p>Le candidat s&rsquo;inscrit \u00e0 l&rsquo;examen en ann\u00e9e N-1 et se pr\u00e9sente aux \u00e9preuves au cours de l\u2019ann\u00e9e N. Il passe deux \u00e9preuves d&rsquo;admission d\u00e9coup\u00e9es en s\u00e9quences.<\/p>\n\n\n\n<p><strong>Epreuve 1<\/strong><\/p>\n\n\n\n<p>Elle est compos\u00e9e de 2 s\u00e9quences et se d\u00e9roule <strong>dans la classe du candidat<\/strong>. Elle est am\u00e9nag\u00e9e dans le cas o\u00f9 le candidat n\u2019a pas de classe.<\/p>\n\n\n\n<p><em>S\u00e9quence 1 (60 min)&nbsp;: Le jury vient observer un temps d\u2019enseignement que vous aurez choisi (en maths ou en fran\u00e7ais).<\/em><\/p>\n\n\n\n<p><em>S\u00e9quence 2 (60 min)&nbsp;: Il s\u2019agit d\u2019un temps d\u2019entretien entre le jury et le candidat imm\u00e9diatement cons\u00e9cutif au temps d\u2019enseignement observ\u00e9.<\/em><\/p>\n\n\n\n<p><strong>Epreuve 2<\/strong><\/p>\n\n\n\n<p>Elle est compos\u00e9e de 4 s\u00e9quences et se d\u00e9roule en partie <strong>dans la classe d\u2019un jeune coll\u00e8gue<\/strong> et, quelques temps plus tard, dans un autre lieu pour l\u2019entretien avec le jury.<\/p>\n\n\n\n<p><em>S\u00e9quence 1 (60 min)&nbsp;: Le candidat va observer un professeur des \u00e9coles titulaire ou stagiaire en exercice dans une classe en pr\u00e9sence du jury.<\/em><\/p>\n\n\n\n<p><em>S\u00e9quence 2 (30 min)&nbsp;: Le candidat analyse la s\u00e9ance observ\u00e9e avec le professeur des \u00e9coles concern\u00e9e, toujours en pr\u00e9sence du jury.<\/em><\/p>\n\n\n\n<p><em>S\u00e9quence 3&nbsp;: Le candidat produit un rapport de visite sur la s\u00e9ance observ\u00e9e lors de la s\u00e9quence 1 puis l\u2019envoie au jury.<\/em><\/p>\n\n\n\n<p><em>S\u00e9quence 4&nbsp;(60 min)&nbsp;: Le candidat retrouve le jury (qui aura pris connaissance du rapport de visite) pour s\u2019entretenir au sujet des 3 \u00e9preuves pr\u00e9c\u00e9dentes.<\/em><\/p>\n\n\n\n<p>A l\u2019issue de chaque \u00e9preuve, une <strong>note sur 20 est attribu\u00e9e au candidat<\/strong>. Pour valider le CAFIPEMF, il faut avoir <strong>au moins 10 \u00e0 CHAQUE \u00e9preuve<\/strong> <em>(la moyenne des deux \u00e9preuves ne fait pas foi).<\/em><\/p>\n\n\n\n<p>Pour plus de d\u00e9tails, rendez-vous dans le <a href=\"https:\/\/www.education.gouv.fr\/bo\/21\/Hebdo21\/MENE2115553C.htm\">Bulletin officiel n\u00b021 du 27 mai 2021<\/a><\/p>\n\n\n\n<p><strong>La pr\u00e9paration aux \u00e9preuves<\/strong><\/p>\n\n\n\n<p>Des <strong>modules de formation de 5 semaines non cons\u00e9cutives sont pr\u00e9vus pour pr\u00e9parer les \u00e9preuves<\/strong>&nbsp;: observation et pratique accompagn\u00e9e (aupr\u00e8s d\u2019un PEMF ou CPC) et formation assur\u00e9e conjointement par l&rsquo;acad\u00e9mie d&rsquo;exercice du candidat et par l\u2019INSPE.<\/p>\n\n\n\n<p>D\u2019apr\u00e8s les retours que j\u2019ai eu de coll\u00e8gues un peu partout en France, cette formation prend des formes diff\u00e9rentes selon les acad\u00e9mies. <em>Aussi, ce qui va suivre ne sera peut-\u00eatre pas valable dans votre cas. Il faudra vous renseigner aupr\u00e8s de votre hi\u00e9rarchie.<\/em><\/p>\n\n\n\n<p>Pour ma part, j\u2019ai b\u00e9n\u00e9fici\u00e9 de&nbsp;:<\/p>\n\n\n\n<p>&#8211;&nbsp;&nbsp;&nbsp;&nbsp;&nbsp;&nbsp;&nbsp; _ <strong>Formations pour pr\u00e9parer aux \u00e9preuves<\/strong>&nbsp;: elles avaient lieu chaque mercredi apr\u00e8s-midi (de fin septembre \u00e0 d\u00e9but f\u00e9vrier). La formation d\u00e9di\u00e9e au CAFIPEMF \u00e9tait s\u00e9quenc\u00e9e en diff\u00e9rents modules <em>(Comp\u00e9tences professionnelles d\u2019un enseignant candidat au CAFIPEMF, savoir rendre la classe lisible pour en faire un objet de formation, Didactique du fran\u00e7ais et des math\u00e9matiques, Pr\u00e9paration des \u00e9preuves, r\u00e9diger un rapport de visite, Missions du formateur \u2026)<\/em><\/p>\n\n\n\n<p>&#8211;&nbsp;&nbsp;&nbsp;&nbsp;&nbsp;&nbsp;&nbsp;&nbsp; _&nbsp; <strong>Visites d\u2019observation dans la classe de jeunes coll\u00e8gues.<\/strong> J\u2019\u00e9tais accompagn\u00e9e de ma CPC.<\/p>\n\n\n\n<p>o&nbsp;&nbsp; Visite 1&nbsp;: Ma CPC a pris en charge la visite, l\u2019entretien et le compte-rendu <em>(en me laissant observer chaque \u00e9tape en d\u00e9tail et en prenant mon avis, mes ressentis et mes remarques avant de formuler les siennes pour me permettre d&rsquo;organiser mes id\u00e9es)<\/em><\/p>\n\n\n\n<p>o&nbsp;&nbsp; Visite 2 et 3&nbsp;: J\u2019ai men\u00e9 les visites de A \u00e0 Z, de l\u2019observation au compte-rendu en passant par l\u2019entretien<\/p>\n\n\n\n<p><strong>Mon parcours personnel<\/strong><\/p>\n\n\n\n<p>J\u2019ai fait partie des \u00ab&nbsp;cas particuliers&nbsp;\u00bb pour la session 2023.<\/p>\n\n\n\n<p>En effet, <strong>je m\u2019\u00e9tais initialement inscrite au CAFIPEMF en 2020<\/strong>. La certification se d\u00e9roulait alors sur deux ans&nbsp;avec <strong>l<\/strong>\u2019<strong>admissibilit\u00e9 en ann\u00e9e 1<\/strong> <em>(rapport d\u2019activit\u00e9 et entretien avec un jury) <\/em>et l\u2019<strong>admission en ann\u00e9e 2<\/strong> <em>(visite, temps de formation, m\u00e9moire)<\/em>. J\u2019avais ainsi obtenu l\u2019admissibilit\u00e9 de l\u2019ancienne mouture en 2021, quelques jours apr\u00e8s le changement de mouture \u2026<em>(Cherchez pas, je suis un chat noir ! Je tombe toujours la bonne ann\u00e9e : pour le CPE, je passais le bac, la mast\u00e9risation c&rsquo;\u00e9tait avec moi &#8230; On change pas une \u00e9quipe qui gagne il para\u00eet ! lol)<\/em><\/p>\n\n\n\n<p>Si j\u2019avais choisi de poursuivre la certification de suite, j\u2019aurais d\u00fb tout recommencer de z\u00e9ro et mon admissibilit\u00e9 serait tomb\u00e9e aux oubliettes. Etant donn\u00e9 le travail que cela m\u2019avait d\u00e9j\u00e0 demand\u00e9 pour valider cette admissibilit\u00e9, il \u00e9tait hors de question pour moi de reprendre de z\u00e9ro&nbsp;!!<\/p>\n\n\n\n<p>J\u2019ai donc choisi la seconde option qui m\u2019\u00e9tait propos\u00e9e&nbsp;: <strong>attendre l\u2019ann\u00e9e scolaire 2022-2023 pour poursuivre et terminer la formation CAFIPEMF et \u00eatre dispens\u00e9e de l\u2019\u00e9preuve 1 gr\u00e2ce \u00e0 mon admissibilit\u00e9.<\/strong><\/p>\n\n\n\n<p>J\u2019ai donc re\u00e7u la visite-conseil obligatoire de mon IEN en juin 2022 en vue de m\u2019inscrire uniquement \u00e0 l\u2019\u00e9preuve 2 de la certification pour 2023.<\/p>\n\n\n\n<p>Cependant, comme expliqu\u00e9 <a href=\"http:\/\/maitresseaurel.eklablog.com\/2023-jamais-deux-sans-trois-a214576535\">ici<\/a>, je savais que ce serait ma seule chance de le tenter avant un bon moment. La pression \u00e9tant donc \u00e0 son comble&nbsp;: je ne voulais pas passer \u00e0 c\u00f4t\u00e9&nbsp;!<\/p>\n\n\n\n<p>Donc pour r\u00e9sumer mon cas&nbsp;particulier :<\/p>\n\n\n\n<p>2020-2021&nbsp;: Admissibilit\u00e9 de l\u2019ancienne mouture du CAFIPEMF<\/p>\n\n\n\n<p>2021-2022&nbsp;: Ann\u00e9e \u00ab&nbsp;blanche&nbsp;\u00bb<\/p>\n\n\n\n<p>2022-2023&nbsp;: Inscription et admission au CAFIPEMF (en ne passant que l\u2019\u00e9preuve 2)<\/p>\n\n\n\n<p>Si j\u2019ai mis \u00ab&nbsp;blanche&nbsp;\u00bb entre parenth\u00e8ses pour 2021-2022, c\u2019est parce que cette ann\u00e9e n\u2019a pas \u00e9t\u00e9 totalement \u00e9loign\u00e9e du CAFIPEMF. Comme je savais que <strong>j\u2019allais passer l\u2019\u00e9preuve 2 en 2023<\/strong> et qu\u2019<strong>elle se d\u00e9roulerait en maternelle<\/strong>, j\u2019ai profit\u00e9 de cette ann\u00e9e sans \u00e9preuves pour <strong>\u00ab&nbsp;miser sur l\u2019avenir&nbsp;\u00bb<\/strong>. J\u2019ai donc lu <em>(un peu \u2026 beaucoup \u2026 passionn\u00e9ment \u2026 \u00e0 la folie&nbsp;\u2026)<\/em> des ouvrages d\u00e9di\u00e9s \u00e0 la p\u00e9dagogie et la didactique de la maternelle.<\/p>\n\n\n\n<p>Avec le recul, je pense vraiment que, sans cette ann\u00e9e \u00ab&nbsp;blanche&nbsp;\u00bb constitu\u00e9e de lectures et de documentations, a \u00e9t\u00e9 un atout pour moi. J&rsquo;ai pu me mettre au clair avec beaucoup de choses qui \u00ab\u00a0m&rsquo;\u00e9chappaient\u00a0\u00bb, n&rsquo;\u00e9tant plus en maternelle depuis plusieurs ann\u00e9es. Tout ce temps de lecture \u00ab&nbsp;sans pression&nbsp;\u00bb m\u2019a permis d\u2019<strong>avancer doucement et \u00e0 mon rythme, ce qui est plus compliqu\u00e9 \u00e0 faire dans le tumulte d\u2019une ann\u00e9e CAFIPEMF.<\/strong><\/p>\n\n\n\n<p><strong>Les lectures de pr\u00e9paration au CAFIPEMF<\/strong><\/p>\n\n\n\n<p>On me demande souvent <strong>\u00ab\u00a0ce qu\u2019il FAUT lire pour pr\u00e9parer le CAFIPEMF\u00a0\u00bb<\/strong>.<\/p>\n\n\n\n<p>Conseiller des lectures est, \u00e0 mon sens, quelque chose de <strong>tr\u00e8s complexe<\/strong>. Il y a \u00e9videmment des lectures de base, essentielles, indispensables et incontournables \u00e0 faire. Il s\u2019agit principalement des textes institutionnels et officiels comme&nbsp;:<\/p>\n\n\n\n<p><a href=\"https:\/\/cache.media.education.gouv.fr\/file\/21\/83\/3\/perso553_annexe1_1408833.pdf\" target=\"_blank\" rel=\"noreferrer noopener\">Le r\u00e9f\u00e9rentiel de comp\u00e9tences professionnelles du formateur de personnels enseignants et \u00e9ducatifs<\/a><\/p>\n\n\n\n<p>Les programmes de la <a href=\"https:\/\/www.education.gouv.fr\/bo\/15\/Special2\/MENE1504759A.htm\">maternelle<\/a> et de <a href=\"https:\/\/www.education.gouv.fr\/programmes-et-horaires-l-ecole-elementaire-9011\">l\u2019\u00e9l\u00e9mentaire<\/a> (\u00e9videmment&nbsp;!)<\/p>\n\n\n\n<p>Le <a href=\"https:\/\/www.education.gouv.fr\/le-socle-commun-de-connaissances-de-competences-et-de-culture-12512\">socle commun<\/a><\/p>\n\n\n\n<p><a href=\"https:\/\/eduscol.education.fr\/3107\/guides-fondamentaux-pour-l-enseignement\">Les guides fondamentaux de l\u2019enseignement<\/a><\/p>\n\n\n\n<p>Les plans <a href=\"https:\/\/eduscol.education.fr\/1853\/plan-de-formation-en-francais-premier-degre\">fran\u00e7ais<\/a>, <a href=\"https:\/\/eduscol.education.fr\/1476\/plan-de-formation-en-mathematiques-premier-degre\">math\u00e9matiques <\/a>et, \u00e0 pr\u00e9sent, <a href=\"https:\/\/www.education.gouv.fr\/bo\/23\/Hebdo2\/MENE2300949N.htm\">maternelle<\/a><\/p>\n\n\n\n<p>Les documents <a href=\"https:\/\/eduscol.education.fr\/\">EDUSCOL <\/a>(en lien avec vos \u00e9preuves)<\/p>\n\n\n\n<figure class=\"wp-block-image\"><img decoding=\"async\" src=\"https:\/\/ekladata.com\/XqlzaDQOPeLmgBgffJj2arsdG04@554x537.jpg\" alt=\"Retour d'exp\u00e9rience : le CAFIPEMF\"\/><\/figure>\n\n\n\n<figure class=\"wp-block-image\"><img decoding=\"async\" src=\"https:\/\/ekladata.com\/PdPxQOi8XSsqVSKn5S5MDhe-yjQ@546x543.jpg\" alt=\"Retour d'exp\u00e9rience : le CAFIPEMF\"\/><\/figure>\n\n\n\n<p>Si vous envisagez de passer le CAFIPEMF , je vous recommande aussi vivement <em>(si ce n\u2019est pas d\u00e9j\u00e0 fait)<\/em> de vous abonner au BO afin d\u2019\u00eatre inform\u00e9 des modifications et parutions des textes officiels car les jurys questionneront votre \u00abveille p\u00e9dagogique et institutionnelle&nbsp;\u00bb. De m\u00eame vous pouvez consulter le site du&nbsp;<a href=\"http:\/\/centre-alain-savary.ens-lyon.fr\/CAS\">centre Alain SAVARY<\/a> pour vous documenter sur le m\u00e9tier de formateur ainsi que la&nbsp;<a href=\"https:\/\/www.reseau-canope.fr\/BSD\/index.aspx\">banque de s\u00e9quences didactiques<\/a> du R\u00e9seau Canop\u00e9 pour visionner des temps de classe et vous entra\u00eener \u00e0 l&rsquo;observation et \u00e0 l&rsquo;analyse de s\u00e9ances.<\/p>\n\n\n\n<figure class=\"wp-block-image\"><a href=\"https:\/\/www.education.gouv.fr\/le-bulletin-officiel-de-l-education-nationale-de-la-jeunesse-et-des-sports-89558\"><img decoding=\"async\" src=\"https:\/\/ekladata.com\/JZIU_sdExSkCvdf4UYQJpb8vcGI@345x131.png\" alt=\"Retour d'exp\u00e9rience : le CAFIPEMF\"\/><\/a><\/figure>\n\n\n\n<p><em>Rendez-vous dans l&rsquo;encadr\u00e9 en bas de la page d&rsquo;accueil du B.O. pour vous abonner<\/em><\/p>\n\n\n\n<figure class=\"wp-block-image\"><a href=\"https:\/\/www.education.gouv.fr\/le-bulletin-officiel-de-l-education-nationale-de-la-jeunesse-et-des-sports-89558\"><img decoding=\"async\" src=\"https:\/\/ekladata.com\/2krvIUrZ_rZQO0N8sKneTXQFIso@456x115.png\" alt=\"Retour d'exp\u00e9rience : le CAFIPEMF\"\/><\/a><\/figure>\n\n\n\n<p>Pour le reste, cela d\u00e9pend de nombreux facteurs (selon moi). D\u2019une part, <strong>cela d\u00e9pend du candidat<\/strong> en tant qu\u2019enseignant chevronn\u00e9 ayant un&nbsp;parcours professionnel et des connaissances p\u00e9dagogiques et didactiques <em>(dans son cycle d\u2019enseignement mais aussi dans le cycle qu\u2019elle ira observer)<\/em> qui lui sont propres.<\/p>\n\n\n\n<p><strong>Les lectures qui seront pertinentes pour un candidat le seront sans doute moins pour un autre qui aurait sans doute d\u2019autres axes \u00e0 approfondir en priorit\u00e9.<\/strong><\/p>\n\n\n\n<p>D\u2019autre part, les lectures \u00e0 conseiller d\u00e9pendent fortement des \u00e9preuves que le candidat passera et il y a 4 cas de figures possibles <em>(si je ne me suis pas tromp\u00e9e dans mon arbre de probabilit\u00e9s lol)&nbsp;<\/em>:<\/p>\n\n\n\n<p>&#8211;&nbsp;&nbsp;&nbsp;&nbsp;&nbsp;&nbsp;&nbsp;&nbsp;&nbsp; A) <em>Un candidat qui pr\u00e9sente une s\u00e9ance de maths en cycle 2 ou 3 lors de l\u2019\u00e9preuve 1 observera une s\u00e9ance de langage en cycle 1 pour la seconde \u00e9preuve.<\/em><\/p>\n\n\n\n<p><em>&#8211;&nbsp;&nbsp;&nbsp;&nbsp;&nbsp;&nbsp;&nbsp;&nbsp;&nbsp; B) Un candidat qui pr\u00e9sente une s\u00e9ance de construction du nombre en cycle 1 lors de l\u2019\u00e9preuve 1 observera une s\u00e9ance de fran\u00e7ais en cycle 2 ou 3 pour la seconde \u00e9preuve.<\/em><\/p>\n\n\n\n<p><em>&#8211;&nbsp;&nbsp;&nbsp;&nbsp;&nbsp;&nbsp;&nbsp; C) Un candidat qui pr\u00e9sente une s\u00e9ance de fran\u00e7ais en cycle 2 ou 3 lors de l\u2019\u00e9preuve 1 observera une s\u00e9ance de construction du nombre en cycle 1 pour la seconde \u00e9preuve.<\/em><\/p>\n\n\n\n<p><em>&#8211;&nbsp;&nbsp;&nbsp;&nbsp;&nbsp;&nbsp;&nbsp;&nbsp; D)&nbsp; Un candidat qui pr\u00e9sente une s\u00e9ance de langage en cycle 1 lors de l\u2019\u00e9preuve 1 observera une s\u00e9ance de maths en cycle 2 ou 3 pour la seconde \u00e9preuve.<\/em><\/p>\n\n\n\n<p>Dans chacun des cas pr\u00e9sent\u00e9s, les lectures \u00e0 conseiller en priorit\u00e9&nbsp; vont varier, tant pour l\u2019\u00e9preuve 1 que pour l\u2019\u00e9preuve 2 car <strong>ni le cycle, ni le domaine d\u2019enseignement sont identiques.<\/strong><\/p>\n\n\n\n<p><em>NB : Tout reste bien s\u00fbr int\u00e9ressant pour tout le monde, surtout quand on veut devenir formateur et qu&rsquo;il faut pouvoir intervenir dans tous les cycles, tous les domaines, etc &#8230;&nbsp; mais bon &#8230; Pour le CAFIPEMF, il faut faire des choix et, faute de temps &#8211; et de budget aussi, ne nous mentons pas &#8211; miser sur le plus urgent)<\/em><\/p>\n\n\n\n<p>Pour ma part, je me suis retrouv\u00e9e dans la situation A : observation d\u2019une s\u00e9ance de langage en maternelle.<\/p>\n\n\n\n<p>J\u2019ai donc lu essentiellement des ouvrages portant sur ce domaine afin d\u2019\u00eatre bien au point tant c\u2019est un sujet vaste et riche&nbsp;!<\/p>\n\n\n\n<p>Dans un premier temps, j\u2019ai t\u00e9l\u00e9charg\u00e9 tous les guides EDUSCOL li\u00e9 \u00e0 la maternelle et au langage <em>(Et il y en a beauuucoup ! Rien que \u00e7a, c&rsquo;est d\u00e9j\u00e0 disposer d&rsquo;une excellente base pour les \u00e9preuves \u00e0 mon sens !)<\/em><\/p>\n\n\n\n<p>J\u2019ai aussi emprunt\u00e9 ou achet\u00e9 <em>(merci VINTED&nbsp;!)<\/em> des ouvrages qui me semblaient pertinents. J\u2019en avais d\u00e9j\u00e0 lu certains au fil de ma carri\u00e8re mais un rappel ne m\u2019a pas fait de mal.<\/p>\n\n\n\n<p>Vous les trouverez tous dans l\u2019image ci-dessous mais attention&nbsp;!! Que personne ne prenne peur en voyant la pile de livres pr\u00e9sent\u00e9e !<\/p>\n\n\n\n<p>Je rappelle que je suis (l\u00e9g\u00e8rement) une d\u00e9voreuse de livres et que j&rsquo;ai b\u00e9n\u00e9fici\u00e9 d\u2019une<strong> ann\u00e9e \u00ab&nbsp;blanche&nbsp;\u00bb qui m\u2019a permis d\u2019avoir du temps pour lire tout cela<\/strong>. Il est \u00e9vident qu\u2019il est compliqu\u00e9 d\u2019emmagasiner autant au cours d\u2019une seule et m\u00eame ann\u00e9e, qui plus est celle du CAFIPEMF&nbsp;! <em>Ce n&rsquo;est pas impossible \u00e9videmment, mais si on veut garder un semblant de vie sociale et une sant\u00e9 mentale relativement correcte, disons que c&rsquo;est moins \u00e9vident. lol<\/em><\/p>\n\n\n\n<p><em>&nbsp;Je laisse la photo en tr\u00e8s grand format pour que vous puissiez facilement y lire les titres et auteurs en cas de besoin.<\/em><\/p>\n\n\n\n<figure class=\"wp-block-image size-large\"><img decoding=\"async\" src=\"https:\/\/maitresseaurel.grouik.fr\/wp-content\/uploads\/2023\/07\/image-577x1024.jpeg\" alt=\"\" class=\"wp-image-1421\"\/><\/figure>\n\n\n\n<p>Lors d&rsquo;une des formations CAFIPEMF, nous avions re\u00e7u un <strong>radar d&rsquo;auto positionnement professionnel<\/strong> \u00e0 compl\u00e9ter. Il avait pour ambition de nous aider \u00e0 y voir plus clair sur l&rsquo;\u00e9tat de nos connaissances et nous permettre de cibler les axes de progr\u00e8s qui \u00e9taient prioritaires pour nous. Ce document m&rsquo;avait \u00e9t\u00e9 grandement utile et, comme il a encore aid\u00e9 une coll\u00e8gue r\u00e9cemment, j&rsquo;ai pens\u00e9 \u00e0 vous le partager aussi. J&rsquo;esp\u00e8re qu&rsquo;il pourra vous servir et vous aider \u00e0 organiser votre pr\u00e9paration personnelle.<\/p>\n\n\n\n<figure class=\"wp-block-image\"><a href=\"https:\/\/ekladata.com\/uce83S59VpOZ-P7I3GFrN0zTt5Y.pdf\"><img decoding=\"async\" src=\"https:\/\/ekladata.com\/FLls1BTgUO4TnGhxsMPE1yPI1-g@656x462.png\" alt=\"Retour d'exp\u00e9rience : le CAFIPEMF\"\/><\/a><\/figure>\n\n\n\n<p><strong>Retours m\u00eal\u00e9s sur les \u00e9preuves<\/strong><\/p>\n\n\n\n<p>J&rsquo;ai donc valid\u00e9 mon CAFIPEMF en juin 2023. Les f\u00e9licitations \u00e9taient bien s\u00fbr de mise et je l&rsquo;ai f\u00eat\u00e9 comme il se doit, en famille et entre amis, ceux-l\u00e0 m\u00eame qui m&rsquo;ont soutenu au fil de ces 3 ann\u00e9es non seulement en m&rsquo;encourageant mais aussi en gardant mes enfants quand j&rsquo;avais formation, en les amenant \u00e0 leurs activit\u00e9s extra-scolaires pour me permettre de lire, r\u00e9viser, etc &#8230;<\/p>\n\n\n\n<p>Concernant les \u00e9preuves, je ne peux vous faire un retour personnel au sujet de la premi\u00e8re \u00e9tant donn\u00e9 que je ne l&rsquo;ai pas pass\u00e9e. Les coll\u00e8gues l&rsquo;ayant pass\u00e9 m&rsquo;ont dit qu&rsquo;elle leur <strong>avait sembl\u00e9 plus \u00ab\u00a0simple\u00a0\u00bb que la seconde dans le sens o\u00f9 ils \u00e9taient en \u00ab\u00a0terrain connu\u00a0\u00bb<\/strong>, dans leur classe, avec leurs \u00e9l\u00e8ves, \u00e0 faire ce qu&rsquo;ils font au quotidien. M\u00eame si le jury \u00e9tait \u00e9videmment l\u00e0 pour observer, analyser puis questionner, le stress \u00e9tait moins important que pour la seconde \u00e9preuve d&rsquo;apr\u00e8s eux.<\/p>\n\n\n\n<p>En revanche, si les coll\u00e8gues se sentaient parfois confiants au sujet de la premi\u00e8re \u00e9preuve, la r\u00e9ception des notes de celle-ci a \u00e9t\u00e9 plus compliqu\u00e9e. J&rsquo;\u00e9tais personnellement contente d&rsquo;en \u00eatre dispens\u00e9e car, je me connais, que je r\u00e9ussisse ou pas, j&rsquo;aurais mal v\u00e9cu la notation. Le bilan final qui est rendu \u00e0 chaque candidat est un ensemble de croix dans des tableaux de comp\u00e9tences et des notes sur 20 <em>(ce qu&rsquo;on nous demande de ne plus faire pour nos \u00e9l\u00e8ves d&rsquo;ailleurs. J&rsquo;avoue avoir encore du mal \u00e0 comprendre ce point &#8230; mais soit !)<\/em>. Quand on enseigne avec envie et passion depuis des ann\u00e9es, qu&rsquo;on est encourag\u00e9 par notre hi\u00e9rarchie \u00e0 tenter le CAFIPEMF, on s&rsquo;attend \u00e9videmment \u00e0 exceller dans cette \u00e9preuve parce qu&rsquo;on se dit qu&rsquo;on ne pas \u00eatre trop mauvais. Pourtant, j&rsquo;ai pu voir que parfois, la r\u00e9ception des notes a d\u00e9clencher de gros questionnements chez certains de mes coll\u00e8gues non seulement concernant leurs capacit\u00e9s \u00e0 devenir formateur mais aussi concernant leurs comp\u00e9tences en tant qu&rsquo;enseignant.<\/p>\n\n\n\n<p>Comment bien accepter une note sous la moyenne \u00e0 cette \u00e9preuve honn\u00eatement ?<\/p>\n\n\n\n<p>Je n&rsquo;ai pas \u00e9t\u00e9 concern\u00e9e mais je sais que plusieurs coll\u00e8gues ayant \u00e9chou\u00e9 ont pu b\u00e9n\u00e9ficier d&rsquo;un accompagnement et d&rsquo;une explication de leur notes. Cela s&rsquo;est fait \u00e0 leur demande par contre mais m\u00e9riterait d&rsquo;\u00eatre plus syst\u00e9matique car il&nbsp; me semble important et essentiel de ne pas laisser les candidats face au doute et \u00e0 la remise en question. Il faut&nbsp; permettre \u00e0 chacun de garder confiance en lui et conserver une bonne estime de soi. A l&rsquo;heure o\u00f9 le m\u00e9tier n&rsquo;attire que peu (ou m\u00eame plus du tout), il serait fortement dommage de risquer de perdre des enseignants motiv\u00e9s et investis pour une histoire de notation peu claire. Mais l\u00e0 encore, ce n&rsquo;est que mon opinion et mon avis de toute jeune formatrice.<\/p>\n\n\n\n<p>La seconde \u00e9preuve est celle qui fait sortir le candidat de sa zone de confort. Nous n&rsquo;avons plus un r\u00f4le d&rsquo;enseignant mais bien une <strong>posture de formateur \u00e0 prendre et \u00e0 poser<\/strong>. C&rsquo;est quelque chose de tout nouveau, un r\u00f4le pas \u00e9vident \u00e0 endosser. M\u00eame si lors des formations on nous dit bien que <em>les jurys savent qu&rsquo;ils ont face \u00e0 eux des formateurs en formation, qui ne sont donc pas experts en la mati\u00e8re,<\/em> il n&rsquo;est pas facile d&rsquo;envisager l&rsquo;\u00e9preuve ainsi pour autant.<\/p>\n\n\n\n<p>On a envie de bien faire, de ne passer \u00e0 c\u00f4t\u00e9 d&rsquo;aucune donn\u00e9e importante et &#8230; c&rsquo;est stressant !<\/p>\n\n\n\n<p>Ce qui m&rsquo;a rassur\u00e9 c&rsquo;est qu&rsquo;\u00e0 la fin de l&rsquo;entretien avec le candidat, rien n&rsquo;\u00e9tait jou\u00e9 ! Il restait encore le rapport \u00e0 \u00e9crire (<em>rapport qui doit reprendre uniquement ce qui a \u00e9t\u00e9 dit durant l&rsquo;entretien avec le jeune coll\u00e8gue, rien de plus, rien de moins)<\/em> et l&rsquo;entretien final avec le jury a passer. Cet \u00e9change peut ainsi remettre toutes les cartes en jeu <em>(si je peux dire)<\/em> car, nous avons au d\u00e9but de ce temps \u00ab\u00a0carte blanche\u00a0\u00bb pour pr\u00e9senter notre visite, l&rsquo;entretien et notre rapport de visite mais aussi pour \u00e9voquer tout ce que nous n&rsquo;avons pas pu dire au jeune coll\u00e8gue, faute de temps souvent.<\/p>\n\n\n\n<p>En effet, 30 minutes d&rsquo;entretien, \u00e7a passe extr\u00eamement vite !! Pour ma part, il m&rsquo;a \u00e9t\u00e9 impossible de tout \u00e9voquer et questionner avec le form\u00e9. J&rsquo;ai donc d\u00fb op\u00e9rer des choix que j&rsquo;ai ensuite <strong>justifi\u00e9 face au jury un mois plus tard<\/strong> en \u00e9voquant aussi <strong>les points que j&rsquo;aurais voulu encore aborder.<\/strong> Cet entretien, je l&rsquo;ai v\u00e9cu comme une chance \u00e0 saisir pour rattraper mes \u00e9ventuelles erreurs <em>(d&rsquo;observation ou de choix)<\/em> lors de la visite en classe.<\/p>\n\n\n\n<p>Si j&rsquo;avais un conseil \u00e0 vous donner pour cette \u00e9preuve ce se serait celui-l\u00e0 : n&rsquo;allez pas \u00e0 l&rsquo;entretien final les mains dans le poche en vous disant que le plus dur et fait et qu&rsquo;il n&rsquo;y \u00ab\u00a0plus qu&rsquo;\u00e0\u00a0\u00bb r\u00e9pondre \u00e0 des questions (j&rsquo;exag\u00e8re \u00e0 peine : c&rsquo;est un retour que j&rsquo;ai pu avoir). Il faut bien penser ce temps (d&rsquo;environ 15 min je crois) o\u00f9 nous pouvons parler librement : il faut l&rsquo;organiser, le structurer, le rendre clair et limpide pour le jury qui nous \u00e9coutera et ne rien oublier d&rsquo;y dire cette fois car c&rsquo;est notre dernier \u00e9change avec le jury. Il n&rsquo;y a plus possibilit\u00e9 de se rattraper ensuite. D\u00e8s votre rapport de visite r\u00e9dig\u00e9, penchez-vous sur la pr\u00e9paration des ces 15 minutes en vous posant les questions suivantes :<\/p>\n\n\n\n<p>qu&rsquo;avez-vous voulu faire passer comme message ?<\/p>\n\n\n\n<p>quels choix avez-vous fait ? Pourquoi ?<\/p>\n\n\n\n<p>Qu&rsquo;est-ce que vous n&rsquo;avez pas dit ? Pour quelles raisons ?<\/p>\n\n\n\n<p>Quels sont les points que vous avez \u00e9voqu\u00e9s et qui m\u00e9riteraient un approfondissement avec le jeune coll\u00e8gue dans le cas d&rsquo;un suivi de formation r\u00e9gulier ? &#8230;<\/p>\n\n\n\n<p>Si vous n&rsquo;y r\u00e9pondez pas de vous-m\u00eame en d\u00e9but d&rsquo;entretien, le jury vous am\u00e8nera \u00e0 y r\u00e9pondre d&rsquo;une fa\u00e7on ou d&rsquo;une autre par son questionnement et cela pourrait vous d\u00e9stabiliser. On est toujours plus \u00e0 l&rsquo;aise quand on ma\u00eetrise son sujet. D\u00e8s qu&rsquo;on nous \u00ab\u00a0titille\u00a0\u00bb un peu sur une chose \u00e0 laquelle on n&rsquo;avait pas pens\u00e9 on pet potentiellement se sentir \u00ab\u00a0en d\u00e9faut\u00a0\u00bb. Essayez d&rsquo;anticiper au maximum les points qui pourraient \u00eatre interrog\u00e9s pour vous sentir serein et imperturbable. \ud83d\ude09<\/p>\n\n\n\n<p><strong>Remarques personnelles<\/strong><\/p>\n\n\n\n<p>M\u00eame si je suis \u00e9videmment ravie d&rsquo;avoir r\u00e9ussi cette certification, je reste persuad\u00e9e que si j&rsquo;ai pu la r\u00e9ussir sereinement c&rsquo;est aussi parce que j&rsquo;ai eu le parcours \u00ab\u00a0cas particulier\u00a0\u00bb. Certains diront que c&rsquo;est mon \u00ab\u00a0syndrome de l&rsquo;imposteur\u00a0\u00bb qui parle <em>(encore et toujours)<\/em> et que je ne dois pas sous-estimer mes capacit\u00e9s, mes comp\u00e9tences et le travail abattu durant ces ann\u00e9es et celles-d&rsquo;avant.<\/p>\n\n\n\n<p>Au risque de me r\u00e9p\u00e9ter <em>(mais je pense que c\u2019est vraiment ce qui m\u2019a \u00e9t\u00e9 personnellement b\u00e9n\u00e9fique)<\/em> mes \u00e9preuves ont \u00e9t\u00e9 \u00e9tal\u00e9es dans le temps et que je n\u2019ai eu, cette ann\u00e9e, <strong>qu\u2019une seule \u00e9preuve \u00e0 passer. Cela a \u00e9t\u00e9 extr\u00eamement appr\u00e9ciable d&rsquo;autant que c&rsquo;\u00e9tait la moins \u00e9vidente des deux comme en attestent tous les retours que j&rsquo;ai pu avoir.<\/strong><\/p>\n\n\n\n<p>C\u2019est d\u2019ailleurs une remarque que j\u2019ai fait remonter lors du questionnaire de fin de formation&nbsp;: <strong>faire toutes les \u00e9preuves sur une seule et m\u00eame ann\u00e9e est intense et demande \u00e9norm\u00e9ment d\u2019investissement personnel.<\/strong> J\u2019ai pass\u00e9 cette ann\u00e9e avec des nombreux coll\u00e8gues que j&rsquo;ai vu s&rsquo;investir dans cette certification autant voire m\u00eame plus que moi car ils ont men\u00e9 cours, lectures et \u00e9preuves de front pour se retrouver fortement d\u00e9\u00e7us et m\u00eame d\u00e9moralis\u00e9s en ne voyant pas leur nom appara\u00eetre sur la liste des admis. J&rsquo;avais d&rsquo;ailleurs beaucoup de mal \u00e0 me r\u00e9jouir de ma r\u00e9ussite sachant que ce n&rsquo;\u00e9tait pas leur cas.<\/p>\n\n\n\n<p>Alors m\u00eame que ces coll\u00e8gues avaient la t\u00eate dans la pr\u00e9paration de l&rsquo;\u00e9preuve 1, ils devaient venir en formation le mercredi pour parler de l&rsquo;\u00e9preuve 2 qui leur semblait, \u00e0 eux, \u00eatre encore bien lointaine m\u00eame si elle avait lieu moins de 2 mois plus tard. Je les sentais vraiment \u00e9puis\u00e9s et cela m&rsquo;a bien fait comprendre que ma situation \u00e9tait bien plus simple \u00e0 vivre que la leur.<\/p>\n\n\n\n<p>A l\u2019inverse, beaucoup de coll\u00e8gues diront que 2 ans pour le CAFIPEMF, c\u2019est beaucoup trop long&nbsp;! (<em>Ayant mis 3 ans au final pour l\u2019obtenir, je peux le comprendre totalement.&nbsp;;-p)<\/em><\/p>\n\n\n\n<p>Mais ne vaut-il pas mieux 2 ann\u00e9es d\u2019\u00e9preuves \u00e9tal\u00e9es afin d\u2019avoir du temps pour se pr\u00e9parer au mieux \u00e0 chaque \u00e9preuve plut\u00f4t qu\u2019une ann\u00e9e ultra charg\u00e9e, o\u00f9 le candidat est totalement \u00ab&nbsp;sous l\u2019eau&nbsp;\u00bb ?<\/p>\n\n\n\n<p>Entre l\u2019\u00e9cole, les pr\u00e9parations, les animations p\u00e9dagogiques ou Constellations, les formations CAFI chaque mercredi, les entra\u00eenements \u00e0 l\u2019observation de jeunes coll\u00e8gues, les comptes-rendus \u00e0 r\u00e9diger, les d\u00e9briefings et les \u00e9preuves en elles-m\u00eames, le temps pour souffler un peu a \u00e9t\u00e9 rare, pour eux encore plus que pour moi !<\/p>\n\n\n\n<p><em>NB : Cela n\u2019est \u00e9videmment que mon ressenti personnel et une r\u00e9flexion qui m\u2019est propre. Je l\u2019ai faite remonter et vous la partage \u00e9galement et simplement ici afin de rester transparente.<\/em><\/p>\n\n\n\n<p>L&rsquo;ann\u00e9e fut intense et j&rsquo;ai d\u00fb m&rsquo;organiser&nbsp; en cons\u00e9quence tant sur le plan personnel que professionnel c&rsquo;est un fait ! Cependant, \u00e0 comparer avec mes camarades de promo, je ne me suis pas sentie autant sous pression qu&rsquo;eux <em>(mis \u00e0 part le stress des \u00e9preuves en elle-m\u00eame)<\/em> et c&rsquo;est clairement gr\u00e2ce \u00e0 ma dispense d&rsquo;\u00e9preuve 1 <em>(le stress qui la concernait remontait \u00e0 2021 et \u00e9tait dig\u00e9r\u00e9 depuis belle lurette ;-p)<\/em>.<\/p>\n\n\n\n<p>Je tire donc mon chapeau bas \u00e0 celles et ceux qui ont r\u00e9ussi cette nouvelle mouture du premier coup !<\/p>\n\n\n\n<p><strong>C&rsquo;\u00e9tait effectivement tr\u00e8s prenant mais, pour autant, je ne regrette pas une seule seconde de cette ann\u00e9e v\u00e9cue.<\/strong><\/p>\n\n\n\n<p>Moi qui aime apprendre et d\u00e9couvrir, j\u2019ai \u00e9t\u00e9 servie&nbsp;!<\/p>\n\n\n\n<p>Chaque temps d\u00e9di\u00e9 au CAFIPEMF m\u2019a apport\u00e9 \u00e9norm\u00e9ment&nbsp;: en rencontres, en connaissances non seulement sur la formation, la p\u00e9dagogie, la didactique, etc \u2026<em> (tous niveaux confondus&nbsp;!)<\/em> mais aussi sur moi-m\u00eame, sur l\u2019enseignante que je suis, celle que je veux rester, celle que je veux devenir ainsi que sur la formatrice que j&rsquo;aimerai \u00eatre aupr\u00e8s des jeunes coll\u00e8gues <em>(quand le moment sera vraiment venu pour moi de m\u2019engager pleinement dans cette mission).<\/em><\/p>\n\n\n\n<p>Pour l&rsquo;ann\u00e9e \u00e0 venir, j&rsquo;ai fait le choix <em>(peut-\u00eatre pas le bon mais tant pis, je l&rsquo;assume pleinement car il me convient !)<\/em> de refuser certaines opportunit\u00e9s qui m&rsquo;ont \u00e9t\u00e9 propos\u00e9es afin de prendre du temps pour profiter \u00e0 nouveau des miens <em>(surtout de mes enfants)<\/em>, d&rsquo;accompagner ceux qui me sont chers dans leurs propres projets professionnels <em>(chacun son tour ! ;-))<\/em>, prendre mes marques dans ma nouvelle \u00e9cole et d\u00e9couvrir mon nouveau niveau.<\/p>\n\n\n\n<p>Ma grand-m\u00e8re me disait : \u00ab&nbsp;Mieux vaut faire une seule chose correctement que plusieurs \u00e0 moiti\u00e9.&nbsp;\u00bb<\/p>\n\n\n\n<p>Elle a toujours \u00e9t\u00e9 de bon conseil alors j&rsquo;applique ! &lt;3<\/p>\n\n\n\n<p>J\u2019esp\u00e8re que cet article aura su r\u00e9pondre \u00e0 vos questions sur le sujet.<\/p>\n\n\n\n<p>Pour finir, et au cas o\u00f9 cela pourrait servir \u00e0 l\u2019un ou l\u2019une d\u2019entre vous, je vous laisse quelques documents que j&rsquo;avais pr\u00e9par\u00e9 pour mon \u00e9preuve 2. C&rsquo;est le seul document v\u00e9ritablement lisible <em>(car num\u00e9rique, la majorit\u00e9 \u00e9tant manuscrits)<\/em> qui pourrait potentiellement inspirer ou servir.<\/p>\n\n\n\n<p>Il regroupe les \u00e9l\u00e9ments qui me semblaient essentiels pour l&rsquo;\u00e9preuve 2 ainsi que la fiche de prise de notes (ultra simple !) que je m&rsquo;\u00e9tais faite pour observer un jeune coll\u00e8gue et mener l&rsquo;entretien.<\/p>\n\n\n\n<p>Elles ne sont tr\u00e8s (certainement !) pas parfaites ni m\u00eame compl\u00e8tes et c&rsquo;est tant mieux pour vous ! De cette mani\u00e8re vous pourrez simplement les consulter <em>(si le c\u0153ur vous en dit)<\/em>, les lire <em>(si vous voulez)<\/em>, vous en inspirez <em>(ou pas !) <\/em>afin de construire vos propres outils, ceux qui vous seront utiles \u00e0 VOUS et \u00e0 personne d&rsquo;autres pour vous construire en tant que formateur ! Car si chaque \u00e9l\u00e8ve est diff\u00e9rent, si chaque enseignant est diff\u00e9rent, il est bien normal que les formateurs le soient aussi. C&rsquo;est l\u00e0 toute la richesse de notre profession !<\/p>\n\n\n\n<p><strong>Alors inspirez-vous, mais surtout : restez vous-m\u00eame !!<\/strong><\/p>\n\n\n\n<figure class=\"wp-block-image\"><a href=\"https:\/\/ekladata.com\/-SQrso0Hg2D2omcNygyG7CiKryU.pdf\"><img decoding=\"async\" src=\"https:\/\/ekladata.com\/-RE3Q73chuICkXBdky19pMV_NIQ@487x344.png\" alt=\"Retour d'exp\u00e9rience : le CAFIPEMF\"\/><\/a><\/figure>\n\n\n\n<p>Merci et bravo \u00e0 toutes celles et tous ceux qui auront tenu jusqu&rsquo;\u00e0 la fin de cet article et belle aventure CAFIPEMF aux coll\u00e8gues qui s\u2019y lancent&nbsp;!<\/p>\n","protected":false},"excerpt":{"rendered":"<p>Comme promis il y a de cela quelques semaines (ou m\u00eame mois d\u00e9j\u00e0 &#8230; :\/) sur IG, je prends enfin le temps de vous faire un \u00ab\u00a0petit\u00a0\u00bb retour sur cette ann\u00e9e scolaire 2022-2023 plac\u00e9e sous le signe du CAFIPEMF. Au-d\u00e9l\u00e0 de cette certification dans laquelle certains sont lanc\u00e9s, j&rsquo;envoie dans un premier temps tout mon [&hellip;]<\/p>\n","protected":false},"author":1,"featured_media":1421,"comment_status":"open","ping_status":"open","sticky":false,"template":"","format":"standard","meta":{"footnotes":""},"categories":[30,9],"tags":[],"class_list":["post-581","post","type-post","status-publish","format-standard","has-post-thumbnail","hentry","category-devenir-et-etre-formatrice","category-formation"],"yoast_head":"<!-- This site is optimized with the Yoast SEO plugin v27.2 - https:\/\/yoast.com\/product\/yoast-seo-wordpress\/ -->\n<title>Retour d&#039;exp&#xE9;rience : le CAFIPEMF - maitresseaurel.fr<\/title>\n<meta name=\"robots\" content=\"index, follow, max-snippet:-1, max-image-preview:large, max-video-preview:-1\" \/>\n<link rel=\"canonical\" href=\"https:\/\/maitresseaurel.fr\/index.php\/2023\/07\/30\/retour-d-experience-le-cafipemf-a214583165\/\" \/>\n<meta property=\"og:locale\" content=\"fr_FR\" \/>\n<meta property=\"og:type\" content=\"article\" \/>\n<meta property=\"og:title\" content=\"Retour d&#039;exp&#xE9;rience : le CAFIPEMF - maitresseaurel.fr\" \/>\n<meta property=\"og:description\" content=\"Comme promis il y a de cela quelques semaines (ou m\u00eame mois d\u00e9j\u00e0 &#8230; :\/) sur IG, je prends enfin le temps de vous faire un \u00ab\u00a0petit\u00a0\u00bb retour sur cette ann\u00e9e scolaire 2022-2023 plac\u00e9e sous le signe du CAFIPEMF. Au-d\u00e9l\u00e0 de cette certification dans laquelle certains sont lanc\u00e9s, j&rsquo;envoie dans un premier temps tout mon [&hellip;]\" \/>\n<meta property=\"og:url\" content=\"https:\/\/maitresseaurel.fr\/index.php\/2023\/07\/30\/retour-d-experience-le-cafipemf-a214583165\/\" \/>\n<meta property=\"og:site_name\" content=\"maitresseaurel.fr\" \/>\n<meta property=\"article:author\" content=\"https:\/\/www.facebook.com\/maitresseaurel\" \/>\n<meta property=\"article:published_time\" content=\"2023-07-30T19:28:38+00:00\" \/>\n<meta property=\"og:image\" content=\"https:\/\/ekladata.com\/XqlzaDQOPeLmgBgffJj2arsdG04@554x537.jpg\" \/>\n<meta name=\"author\" content=\"Aur\u00e9lia\" \/>\n<meta name=\"twitter:card\" content=\"summary_large_image\" \/>\n<meta name=\"twitter:label1\" content=\"\u00c9crit par\" \/>\n\t<meta name=\"twitter:data1\" content=\"Aur\u00e9lia\" \/>\n\t<meta name=\"twitter:label2\" content=\"Dur\u00e9e de lecture estim\u00e9e\" \/>\n\t<meta name=\"twitter:data2\" content=\"22 minutes\" \/>\n<script type=\"application\/ld+json\" class=\"yoast-schema-graph\">{\"@context\":\"https:\/\/schema.org\",\"@graph\":[{\"@type\":\"Article\",\"@id\":\"https:\/\/maitresseaurel.fr\/index.php\/2023\/07\/30\/retour-d-experience-le-cafipemf-a214583165\/#article\",\"isPartOf\":{\"@id\":\"https:\/\/maitresseaurel.fr\/index.php\/2023\/07\/30\/retour-d-experience-le-cafipemf-a214583165\/\"},\"author\":{\"name\":\"Aur\u00e9lia\",\"@id\":\"https:\/\/maitresseaurel.fr\/#\/schema\/person\/026d4273414c5652f8ec9c6e1bb5267b\"},\"headline\":\"Retour d&rsquo;exp&#xE9;rience : le CAFIPEMF\",\"datePublished\":\"2023-07-30T19:28:38+00:00\",\"mainEntityOfPage\":{\"@id\":\"https:\/\/maitresseaurel.fr\/index.php\/2023\/07\/30\/retour-d-experience-le-cafipemf-a214583165\/\"},\"wordCount\":4631,\"commentCount\":1,\"image\":{\"@id\":\"https:\/\/maitresseaurel.fr\/index.php\/2023\/07\/30\/retour-d-experience-le-cafipemf-a214583165\/#primaryimage\"},\"thumbnailUrl\":\"https:\/\/maitresseaurel.fr\/wp-content\/uploads\/2023\/07\/image-e1734293490799.jpeg\",\"articleSection\":[\"Devenir et \u00eatre formatrice\",\"Formation\"],\"inLanguage\":\"fr-FR\",\"potentialAction\":[{\"@type\":\"CommentAction\",\"name\":\"Comment\",\"target\":[\"https:\/\/maitresseaurel.fr\/index.php\/2023\/07\/30\/retour-d-experience-le-cafipemf-a214583165\/#respond\"]}]},{\"@type\":\"WebPage\",\"@id\":\"https:\/\/maitresseaurel.fr\/index.php\/2023\/07\/30\/retour-d-experience-le-cafipemf-a214583165\/\",\"url\":\"https:\/\/maitresseaurel.fr\/index.php\/2023\/07\/30\/retour-d-experience-le-cafipemf-a214583165\/\",\"name\":\"Retour d'exp&#xE9;rience : le CAFIPEMF - maitresseaurel.fr\",\"isPartOf\":{\"@id\":\"https:\/\/maitresseaurel.fr\/#website\"},\"primaryImageOfPage\":{\"@id\":\"https:\/\/maitresseaurel.fr\/index.php\/2023\/07\/30\/retour-d-experience-le-cafipemf-a214583165\/#primaryimage\"},\"image\":{\"@id\":\"https:\/\/maitresseaurel.fr\/index.php\/2023\/07\/30\/retour-d-experience-le-cafipemf-a214583165\/#primaryimage\"},\"thumbnailUrl\":\"https:\/\/maitresseaurel.fr\/wp-content\/uploads\/2023\/07\/image-e1734293490799.jpeg\",\"datePublished\":\"2023-07-30T19:28:38+00:00\",\"author\":{\"@id\":\"https:\/\/maitresseaurel.fr\/#\/schema\/person\/026d4273414c5652f8ec9c6e1bb5267b\"},\"breadcrumb\":{\"@id\":\"https:\/\/maitresseaurel.fr\/index.php\/2023\/07\/30\/retour-d-experience-le-cafipemf-a214583165\/#breadcrumb\"},\"inLanguage\":\"fr-FR\",\"potentialAction\":[{\"@type\":\"ReadAction\",\"target\":[\"https:\/\/maitresseaurel.fr\/index.php\/2023\/07\/30\/retour-d-experience-le-cafipemf-a214583165\/\"]}]},{\"@type\":\"ImageObject\",\"inLanguage\":\"fr-FR\",\"@id\":\"https:\/\/maitresseaurel.fr\/index.php\/2023\/07\/30\/retour-d-experience-le-cafipemf-a214583165\/#primaryimage\",\"url\":\"https:\/\/maitresseaurel.fr\/wp-content\/uploads\/2023\/07\/image-e1734293490799.jpeg\",\"contentUrl\":\"https:\/\/maitresseaurel.fr\/wp-content\/uploads\/2023\/07\/image-e1734293490799.jpeg\",\"width\":635,\"height\":485},{\"@type\":\"BreadcrumbList\",\"@id\":\"https:\/\/maitresseaurel.fr\/index.php\/2023\/07\/30\/retour-d-experience-le-cafipemf-a214583165\/#breadcrumb\",\"itemListElement\":[{\"@type\":\"ListItem\",\"position\":1,\"name\":\"Accueil\",\"item\":\"https:\/\/maitresseaurel.fr\/\"},{\"@type\":\"ListItem\",\"position\":2,\"name\":\"Retour d&rsquo;exp&#xE9;rience : le CAFIPEMF\"}]},{\"@type\":\"WebSite\",\"@id\":\"https:\/\/maitresseaurel.fr\/#website\",\"url\":\"https:\/\/maitresseaurel.fr\/\",\"name\":\"maitresseaurel.fr\",\"description\":\"\",\"potentialAction\":[{\"@type\":\"SearchAction\",\"target\":{\"@type\":\"EntryPoint\",\"urlTemplate\":\"https:\/\/maitresseaurel.fr\/?s={search_term_string}\"},\"query-input\":{\"@type\":\"PropertyValueSpecification\",\"valueRequired\":true,\"valueName\":\"search_term_string\"}}],\"inLanguage\":\"fr-FR\"},{\"@type\":\"Person\",\"@id\":\"https:\/\/maitresseaurel.fr\/#\/schema\/person\/026d4273414c5652f8ec9c6e1bb5267b\",\"name\":\"Aur\u00e9lia\",\"image\":{\"@type\":\"ImageObject\",\"inLanguage\":\"fr-FR\",\"@id\":\"https:\/\/secure.gravatar.com\/avatar\/56d026fc304d6002ba90f0747fcdd7abc5d0829042252f69e22f099af5bb00b1?s=96&d=mm&r=g\",\"url\":\"https:\/\/secure.gravatar.com\/avatar\/56d026fc304d6002ba90f0747fcdd7abc5d0829042252f69e22f099af5bb00b1?s=96&d=mm&r=g\",\"contentUrl\":\"https:\/\/secure.gravatar.com\/avatar\/56d026fc304d6002ba90f0747fcdd7abc5d0829042252f69e22f099af5bb00b1?s=96&d=mm&r=g\",\"caption\":\"Aur\u00e9lia\"},\"sameAs\":[\"https:\/\/maitresseaurel.fr\",\"https:\/\/www.facebook.com\/maitresseaurel\",\"https:\/\/www.instagram.com\/maitresse_aurel\/profilecard\/?igsh=MTV0ODVkeWcydXp3aQ==\",\"https:\/\/youtube.com\/@maitresseaurel590?si=D-w3cs66VCiDUyKn\"],\"url\":\"https:\/\/maitresseaurel.fr\/index.php\/author\/webmaster_k2451fyr\/\"}]}<\/script>\n<!-- \/ Yoast SEO plugin. -->","yoast_head_json":{"title":"Retour d'exp&#xE9;rience : le CAFIPEMF - maitresseaurel.fr","robots":{"index":"index","follow":"follow","max-snippet":"max-snippet:-1","max-image-preview":"max-image-preview:large","max-video-preview":"max-video-preview:-1"},"canonical":"https:\/\/maitresseaurel.fr\/index.php\/2023\/07\/30\/retour-d-experience-le-cafipemf-a214583165\/","og_locale":"fr_FR","og_type":"article","og_title":"Retour d'exp&#xE9;rience : le CAFIPEMF - maitresseaurel.fr","og_description":"Comme promis il y a de cela quelques semaines (ou m\u00eame mois d\u00e9j\u00e0 &#8230; :\/) sur IG, je prends enfin le temps de vous faire un \u00ab\u00a0petit\u00a0\u00bb retour sur cette ann\u00e9e scolaire 2022-2023 plac\u00e9e sous le signe du CAFIPEMF. Au-d\u00e9l\u00e0 de cette certification dans laquelle certains sont lanc\u00e9s, j&rsquo;envoie dans un premier temps tout mon [&hellip;]","og_url":"https:\/\/maitresseaurel.fr\/index.php\/2023\/07\/30\/retour-d-experience-le-cafipemf-a214583165\/","og_site_name":"maitresseaurel.fr","article_author":"https:\/\/www.facebook.com\/maitresseaurel","article_published_time":"2023-07-30T19:28:38+00:00","og_image":[{"url":"https:\/\/ekladata.com\/XqlzaDQOPeLmgBgffJj2arsdG04@554x537.jpg","type":"","width":"","height":""}],"author":"Aur\u00e9lia","twitter_card":"summary_large_image","twitter_misc":{"\u00c9crit par":"Aur\u00e9lia","Dur\u00e9e de lecture estim\u00e9e":"22 minutes"},"schema":{"@context":"https:\/\/schema.org","@graph":[{"@type":"Article","@id":"https:\/\/maitresseaurel.fr\/index.php\/2023\/07\/30\/retour-d-experience-le-cafipemf-a214583165\/#article","isPartOf":{"@id":"https:\/\/maitresseaurel.fr\/index.php\/2023\/07\/30\/retour-d-experience-le-cafipemf-a214583165\/"},"author":{"name":"Aur\u00e9lia","@id":"https:\/\/maitresseaurel.fr\/#\/schema\/person\/026d4273414c5652f8ec9c6e1bb5267b"},"headline":"Retour d&rsquo;exp&#xE9;rience : le CAFIPEMF","datePublished":"2023-07-30T19:28:38+00:00","mainEntityOfPage":{"@id":"https:\/\/maitresseaurel.fr\/index.php\/2023\/07\/30\/retour-d-experience-le-cafipemf-a214583165\/"},"wordCount":4631,"commentCount":1,"image":{"@id":"https:\/\/maitresseaurel.fr\/index.php\/2023\/07\/30\/retour-d-experience-le-cafipemf-a214583165\/#primaryimage"},"thumbnailUrl":"https:\/\/maitresseaurel.fr\/wp-content\/uploads\/2023\/07\/image-e1734293490799.jpeg","articleSection":["Devenir et \u00eatre formatrice","Formation"],"inLanguage":"fr-FR","potentialAction":[{"@type":"CommentAction","name":"Comment","target":["https:\/\/maitresseaurel.fr\/index.php\/2023\/07\/30\/retour-d-experience-le-cafipemf-a214583165\/#respond"]}]},{"@type":"WebPage","@id":"https:\/\/maitresseaurel.fr\/index.php\/2023\/07\/30\/retour-d-experience-le-cafipemf-a214583165\/","url":"https:\/\/maitresseaurel.fr\/index.php\/2023\/07\/30\/retour-d-experience-le-cafipemf-a214583165\/","name":"Retour d'exp&#xE9;rience : le CAFIPEMF - maitresseaurel.fr","isPartOf":{"@id":"https:\/\/maitresseaurel.fr\/#website"},"primaryImageOfPage":{"@id":"https:\/\/maitresseaurel.fr\/index.php\/2023\/07\/30\/retour-d-experience-le-cafipemf-a214583165\/#primaryimage"},"image":{"@id":"https:\/\/maitresseaurel.fr\/index.php\/2023\/07\/30\/retour-d-experience-le-cafipemf-a214583165\/#primaryimage"},"thumbnailUrl":"https:\/\/maitresseaurel.fr\/wp-content\/uploads\/2023\/07\/image-e1734293490799.jpeg","datePublished":"2023-07-30T19:28:38+00:00","author":{"@id":"https:\/\/maitresseaurel.fr\/#\/schema\/person\/026d4273414c5652f8ec9c6e1bb5267b"},"breadcrumb":{"@id":"https:\/\/maitresseaurel.fr\/index.php\/2023\/07\/30\/retour-d-experience-le-cafipemf-a214583165\/#breadcrumb"},"inLanguage":"fr-FR","potentialAction":[{"@type":"ReadAction","target":["https:\/\/maitresseaurel.fr\/index.php\/2023\/07\/30\/retour-d-experience-le-cafipemf-a214583165\/"]}]},{"@type":"ImageObject","inLanguage":"fr-FR","@id":"https:\/\/maitresseaurel.fr\/index.php\/2023\/07\/30\/retour-d-experience-le-cafipemf-a214583165\/#primaryimage","url":"https:\/\/maitresseaurel.fr\/wp-content\/uploads\/2023\/07\/image-e1734293490799.jpeg","contentUrl":"https:\/\/maitresseaurel.fr\/wp-content\/uploads\/2023\/07\/image-e1734293490799.jpeg","width":635,"height":485},{"@type":"BreadcrumbList","@id":"https:\/\/maitresseaurel.fr\/index.php\/2023\/07\/30\/retour-d-experience-le-cafipemf-a214583165\/#breadcrumb","itemListElement":[{"@type":"ListItem","position":1,"name":"Accueil","item":"https:\/\/maitresseaurel.fr\/"},{"@type":"ListItem","position":2,"name":"Retour d&rsquo;exp&#xE9;rience : le CAFIPEMF"}]},{"@type":"WebSite","@id":"https:\/\/maitresseaurel.fr\/#website","url":"https:\/\/maitresseaurel.fr\/","name":"maitresseaurel.fr","description":"","potentialAction":[{"@type":"SearchAction","target":{"@type":"EntryPoint","urlTemplate":"https:\/\/maitresseaurel.fr\/?s={search_term_string}"},"query-input":{"@type":"PropertyValueSpecification","valueRequired":true,"valueName":"search_term_string"}}],"inLanguage":"fr-FR"},{"@type":"Person","@id":"https:\/\/maitresseaurel.fr\/#\/schema\/person\/026d4273414c5652f8ec9c6e1bb5267b","name":"Aur\u00e9lia","image":{"@type":"ImageObject","inLanguage":"fr-FR","@id":"https:\/\/secure.gravatar.com\/avatar\/56d026fc304d6002ba90f0747fcdd7abc5d0829042252f69e22f099af5bb00b1?s=96&d=mm&r=g","url":"https:\/\/secure.gravatar.com\/avatar\/56d026fc304d6002ba90f0747fcdd7abc5d0829042252f69e22f099af5bb00b1?s=96&d=mm&r=g","contentUrl":"https:\/\/secure.gravatar.com\/avatar\/56d026fc304d6002ba90f0747fcdd7abc5d0829042252f69e22f099af5bb00b1?s=96&d=mm&r=g","caption":"Aur\u00e9lia"},"sameAs":["https:\/\/maitresseaurel.fr","https:\/\/www.facebook.com\/maitresseaurel","https:\/\/www.instagram.com\/maitresse_aurel\/profilecard\/?igsh=MTV0ODVkeWcydXp3aQ==","https:\/\/youtube.com\/@maitresseaurel590?si=D-w3cs66VCiDUyKn"],"url":"https:\/\/maitresseaurel.fr\/index.php\/author\/webmaster_k2451fyr\/"}]}},"_links":{"self":[{"href":"https:\/\/maitresseaurel.fr\/index.php\/wp-json\/wp\/v2\/posts\/581","targetHints":{"allow":["GET"]}}],"collection":[{"href":"https:\/\/maitresseaurel.fr\/index.php\/wp-json\/wp\/v2\/posts"}],"about":[{"href":"https:\/\/maitresseaurel.fr\/index.php\/wp-json\/wp\/v2\/types\/post"}],"author":[{"embeddable":true,"href":"https:\/\/maitresseaurel.fr\/index.php\/wp-json\/wp\/v2\/users\/1"}],"replies":[{"embeddable":true,"href":"https:\/\/maitresseaurel.fr\/index.php\/wp-json\/wp\/v2\/comments?post=581"}],"version-history":[{"count":0,"href":"https:\/\/maitresseaurel.fr\/index.php\/wp-json\/wp\/v2\/posts\/581\/revisions"}],"wp:featuredmedia":[{"embeddable":true,"href":"https:\/\/maitresseaurel.fr\/index.php\/wp-json\/wp\/v2\/media\/1421"}],"wp:attachment":[{"href":"https:\/\/maitresseaurel.fr\/index.php\/wp-json\/wp\/v2\/media?parent=581"}],"wp:term":[{"taxonomy":"category","embeddable":true,"href":"https:\/\/maitresseaurel.fr\/index.php\/wp-json\/wp\/v2\/categories?post=581"},{"taxonomy":"post_tag","embeddable":true,"href":"https:\/\/maitresseaurel.fr\/index.php\/wp-json\/wp\/v2\/tags?post=581"}],"curies":[{"name":"wp","href":"https:\/\/api.w.org\/{rel}","templated":true}]}}