{"id":582,"date":"2023-07-28T18:47:07","date_gmt":"2023-07-28T18:47:07","guid":{"rendered":"https:\/\/maitresseaurel.grouik.fr\/2023-jamais-deux-sans-trois-a214576535\/"},"modified":"2023-07-28T18:47:07","modified_gmt":"2023-07-28T18:47:07","slug":"2023-jamais-deux-sans-trois-a214576535","status":"publish","type":"post","link":"https:\/\/maitresseaurel.fr\/index.php\/2023\/07\/28\/2023-jamais-deux-sans-trois-a214576535\/","title":{"rendered":"2023, jamais deux sans trois &#x2026;"},"content":{"rendered":"\n<p><em>Maintenant que l\u2019ann\u00e9e scolaire est termin\u00e9e, je prends le temps de revenir sur le blog pour le reprendre doucement en main. Mais avant cela, je tenais \u00e0 r\u00e9diger un petit article \u00ab&nbsp;bilan&nbsp;\u00bb de tous ces mois \u00e9coul\u00e9s loin d\u2019ici.<\/em><\/p>\n\n\n\n<p>L\u2019ann\u00e9e fut \u00e0 la fois <strong>riche, charg\u00e9e, \u00e9prouvante, fatigante et surprenante.<\/strong><\/p>\n\n\n\n<p>Elle fut l\u2019ann\u00e9e qui a vu plusieurs de mes projets aboutir.<\/p>\n\n\n\n<p>Le premier de ces projets a \u00e9t\u00e9 l\u2019obtention du <strong>CAFIPEMF<\/strong> que j\u2019avais d\u00e9but\u00e9 en 2020 (d\u00e9j\u00e0 !!) mais dont je vous reparlerai prochainement dans le d\u00e9tail car il y a beaucoup \u00e0 partager sur le sujet.<\/p>\n\n\n\n<p>Le second a \u00e9t\u00e9 l\u2019admission sur la<strong> liste d\u2019aptitude \u00e0 la direction. <\/strong>Etant d\u00e9j\u00e0 lanc\u00e9e dans le CAFIPEMF et plut\u00f4t au point, du coup, sur les textes officiels et r\u00e9f\u00e9rences institutionnelles, je me suis dit <em>\u00ab&nbsp;pourquoi ne pas la tenter&nbsp;?&nbsp;\u00bb<\/em>. Alors oui, je sais, je dois \u00eatre un peu hyperactive sur les bords <em>(ou maso \u2026 cela d\u00e9pend du point de vue&nbsp;!)<\/em>. Mais quand on y r\u00e9fl\u00e9chit bien, qu\u2019est-ce que je risquais&nbsp;vraiment ? &#8230; Un \u00e9chec&nbsp;? &#8230; Ben &#8230; ouais \u2026 C\u2019\u00e9tait un risque. Et \u2026&nbsp;? Pas grave&nbsp;! Ma vie n\u2019en aurait pas \u00e9t\u00e9 moins belle pour autant non ? <em>\u00ab&nbsp;Mieux vaut vivre avec des remords qu\u2019avec des regrets&nbsp;\u00bb<\/em> il para\u00eet. Cela me tentait, donc j\u2019ai tent\u00e9. Mais, <em>je veux \u00eatre totalement honn\u00eate avec celles et ceux qui me liront, <\/em>si j\u2019ai tout tent\u00e9 cette ann\u00e9e c\u2019est aussi et surtout parce que c\u2019\u00e9tait <strong>\u00ab&nbsp;cette ann\u00e9e ou jamais&nbsp;\u00bb<\/strong> <em>(ou en tous cas pas avant un bon petit moment).<\/em><\/p>\n\n\n\n<p>Pourquoi&nbsp;? Parce que prof, formatrice, ou autre, peu importe notre m\u00e9tier, quand nous faisons <strong>des choix d\u2019\u00e9volution professionnelle<\/strong>, nous sommes<strong> tr\u00e8s rarement seul<\/strong> pour les faire. Il y a beaucoup plus que notre simple envie qui p\u00e8se dans la balance car <strong>nos choix impliquent toujours d\u2019autres personnes.<\/strong> Dans mon cas, c\u2019\u00e9tait mon mari et mes enfants en premier lieu. Ils se sont montr\u00e9s pr\u00e9sents, compr\u00e9hensifs et aux petits soins pour me mettre en place des conditions id\u00e9ales pour travailler, lire, r\u00e9viser, etc \u2026 Ils savaient que durant \u00ab&nbsp;l\u2019ann\u00e9e CAFI&nbsp;\u00bb, maman serait moins disponible, moins pr\u00e9sente et sans doute moins patiente aussi <em>(ne nous mentons pas ! Le stress \u00e7a vous change une femme #jenechappepasalaregle)<\/em>. Ils ne s\u2019en sont jamais offusqu\u00e9s et m\u2019ont rendu le quotidien teeeellement facile que je ne peux que les remercier du fond du coeur. Pour tout ! Et pour le reste aussi. &lt;3<\/p>\n\n\n\n<p>Mes choix ont aussi impliqu\u00e9 mes parents et beaux-parents qui se sont organis\u00e9s pour prendre en charge mes enfants quand j\u2019\u00e9tais en formation, en examens ou autre.<\/p>\n\n\n\n<p><strong>Sans eux, pas de moyen de garde. Sans moyen de garde, pas de possibilit\u00e9 de me rendre aux convocations. Sans pr\u00e9sence, pas de certification.<\/strong><\/p>\n\n\n\n<p>Si j\u2019ai eu l\u2019esprit tranquille, c\u2019est aussi et surtout gr\u00e2ce \u00e0 eux. Alors \u00e0 eux aussi, MERCI&nbsp;!<\/p>\n\n\n\n<p>Mais voil\u00e0 &#8230; Des projets professionnels, je ne suis pas la seule \u00e0 en avoir. Il en arrive pour les uns et pour les autres autour de moi. Je savais depuis longtemps que <strong>nos r\u00f4les s\u2019inverseraient \u00e0 la rentr\u00e9e 2023.<\/strong> C\u2019est d\u00e9sormais \u00e0 mon tour d\u2019\u00eatre l\u00e0 pour eux, pour les soutenir, pour les encourager et pour faire en sorte qu\u2019ils puissent avancer dans la voie qu\u2019ils se sont trac\u00e9s sans se faire de souci pour ceci ou pour cela. Quand l\u2019ann\u00e9e scolaire a d\u00e9but\u00e9, je savais d\u00e9j\u00e0 que si je ne validais pas mon CAFIPEMF ou la LADIRE en 2023, je ne les retenterai pas l\u2019ann\u00e9e suivante.<\/p>\n\n\n\n<p><strong>Parce que 2023 c\u2019\u00e9tait pour moi et que 2024 ce serait pour eux.<\/strong><\/p>\n\n\n\n<p>Apr\u00e8s mes r\u00e9ussites <em>(qui sont aussi les leurs&nbsp;!)<\/em>, je passe le flambeau et me tiens pr\u00eate \u00e0 les accompagner de mon mieux.<\/p>\n\n\n\n<p>Le dernier de mes projets ayant abouti cette ann\u00e9e n\u2019en \u00e9tait pas vraiment un \u00e0 proprement parler. C\u2019est plut\u00f4t une <strong>grosse surprise inattendue<\/strong>&nbsp;! En effet, apr\u00e8s des ann\u00e9es \u00e0 participer au mouvement des enseignants pour tenter de me rapprocher de chez moi en vain, ma demande a finalement \u00e9t\u00e9 exauc\u00e9e.<\/p>\n\n\n\n<p>Ma rentr\u00e9e 2023 se fera donc dans une nouvelle circonscription, une nouvelle \u00e9cole mais aussi dans un autre niveau. Apr\u00e8s 7 ans de CP en \u00e9l\u00e9mentaire, je retrouve \u00e0 nouveau une classe en maternelle qui m\u2019a tant inspir\u00e9e ces derni\u00e8res ann\u00e9es pour mettre en place la classe flexible.<\/p>\n\n\n\n<p><em>Le CAFIPEMF m&rsquo;a fait me replonger dans le monde de la maternelle toute l&rsquo;ann\u00e9e durant pour pr\u00e9parer mes \u00e9preuves. Comme quoi &#8230; Rien n&rsquo;arrive par hasard !<\/em><\/p>\n\n\n\n<p>Quitter mon \u00e9cole et mon \u00e9quipe n\u2019a pas \u00e9t\u00e9 simple. Loin de l\u00e0 ! Les larmes ont coul\u00e9 plusieurs jours et chaque \u00e9tape fut un d\u00e9chirement. Mais il faut savoir penser \u00e0 soi quand il le faut &#8230;<\/p>\n\n\n\n<p>C&rsquo;est donc un gros changement qui m&rsquo;attend mais je le prends comme un challenge et je suis pr\u00eate \u00e0 le relever. Cela tombe bien, je n\u2019aime pas m\u2019ennuyer&nbsp;! <em>(Hyperactive&nbsp;? Maso&nbsp;? tout \u00e7a tout \u00e7a \u2026on y revient toujours et le suspense reste entier&nbsp;!&nbsp;;-p).<\/em><\/p>\n\n\n\n<p><strong>2024, me voil\u00e0&nbsp;!<\/strong><\/p>\n\n\n\n<p>Mais sache que je resterai en retrait. Non seulement, pour permettre aux gens que j\u2019aime de briller \u00e0 leur tour dans des voies qui leur sont ch\u00e8res mais aussi, simplement, pour tenir la promesse que j\u2019ai faite \u00e0 mes enfants&nbsp;en 2022 :<\/p>\n\n\n\n<p><strong>\u00catre \u00e0 nouveau pr\u00e9sente, pas uniquement physiquement mais aussi mentalement. Et le tout, pleinement&nbsp;!<\/strong><\/p>\n\n\n\n<p>Je pense que, pour moi, le plus dur est <strong>pass\u00e9<\/strong>.<\/p>\n\n\n\n<p>Je ne sais pas ce que me r\u00e9serve l&rsquo;<strong>avenir<\/strong>. Il se construira sans doute petit \u00e0 petit et \u00e0 mon rythme.<\/p>\n\n\n\n<p>En ce qui concerne le <strong>pr\u00e9sent<\/strong>, je fais le choix de profiter \u00e0 nouveau des miens car ils sont ma seule certitude.<\/p>\n\n\n\n<p>Mon marathonien, mon musicien et ma danseuse : je ne serai jamais rien sans vous !<\/p>\n","protected":false},"excerpt":{"rendered":"<p>Maintenant que l\u2019ann\u00e9e scolaire est termin\u00e9e, je prends le temps de revenir sur le blog pour le reprendre doucement en main. Mais avant cela, je tenais \u00e0 r\u00e9diger un petit article \u00ab&nbsp;bilan&nbsp;\u00bb de tous ces mois \u00e9coul\u00e9s loin d\u2019ici. L\u2019ann\u00e9e fut \u00e0 la fois riche, charg\u00e9e, \u00e9prouvante, fatigante et surprenante. Elle fut l\u2019ann\u00e9e qui a [&hellip;]<\/p>\n","protected":false},"author":1,"featured_media":1425,"comment_status":"open","ping_status":"open","sticky":false,"template":"","format":"standard","meta":{"footnotes":""},"categories":[19],"tags":[],"class_list":["post-582","post","type-post","status-publish","format-standard","has-post-thumbnail","hentry","category-accueil-du-site"],"yoast_head":"<!-- This site is optimized with the Yoast SEO plugin v27.2 - https:\/\/yoast.com\/product\/yoast-seo-wordpress\/ -->\n<title>2023, jamais deux sans trois &#x2026; - maitresseaurel.fr<\/title>\n<meta name=\"robots\" content=\"index, follow, max-snippet:-1, max-image-preview:large, max-video-preview:-1\" \/>\n<link rel=\"canonical\" href=\"https:\/\/maitresseaurel.fr\/index.php\/2023\/07\/28\/2023-jamais-deux-sans-trois-a214576535\/\" \/>\n<meta property=\"og:locale\" content=\"fr_FR\" \/>\n<meta property=\"og:type\" content=\"article\" \/>\n<meta property=\"og:title\" content=\"2023, jamais deux sans trois &#x2026; - maitresseaurel.fr\" \/>\n<meta property=\"og:description\" content=\"Maintenant que l\u2019ann\u00e9e scolaire est termin\u00e9e, je prends le temps de revenir sur le blog pour le reprendre doucement en main. Mais avant cela, je tenais \u00e0 r\u00e9diger un petit article \u00ab&nbsp;bilan&nbsp;\u00bb de tous ces mois \u00e9coul\u00e9s loin d\u2019ici. L\u2019ann\u00e9e fut \u00e0 la fois riche, charg\u00e9e, \u00e9prouvante, fatigante et surprenante. Elle fut l\u2019ann\u00e9e qui a [&hellip;]\" \/>\n<meta property=\"og:url\" content=\"https:\/\/maitresseaurel.fr\/index.php\/2023\/07\/28\/2023-jamais-deux-sans-trois-a214576535\/\" \/>\n<meta property=\"og:site_name\" content=\"maitresseaurel.fr\" \/>\n<meta property=\"article:author\" content=\"https:\/\/www.facebook.com\/maitresseaurel\" \/>\n<meta property=\"article:published_time\" content=\"2023-07-28T18:47:07+00:00\" \/>\n<meta name=\"author\" content=\"Aur\u00e9lia\" \/>\n<meta name=\"twitter:card\" content=\"summary_large_image\" \/>\n<meta name=\"twitter:label1\" content=\"\u00c9crit par\" \/>\n\t<meta name=\"twitter:data1\" content=\"Aur\u00e9lia\" \/>\n\t<meta name=\"twitter:label2\" content=\"Dur\u00e9e de lecture estim\u00e9e\" \/>\n\t<meta name=\"twitter:data2\" content=\"5 minutes\" \/>\n<script type=\"application\/ld+json\" class=\"yoast-schema-graph\">{\"@context\":\"https:\/\/schema.org\",\"@graph\":[{\"@type\":\"Article\",\"@id\":\"https:\/\/maitresseaurel.fr\/index.php\/2023\/07\/28\/2023-jamais-deux-sans-trois-a214576535\/#article\",\"isPartOf\":{\"@id\":\"https:\/\/maitresseaurel.fr\/index.php\/2023\/07\/28\/2023-jamais-deux-sans-trois-a214576535\/\"},\"author\":{\"name\":\"Aur\u00e9lia\",\"@id\":\"https:\/\/maitresseaurel.fr\/#\/schema\/person\/026d4273414c5652f8ec9c6e1bb5267b\"},\"headline\":\"2023, jamais deux sans trois &#x2026;\",\"datePublished\":\"2023-07-28T18:47:07+00:00\",\"mainEntityOfPage\":{\"@id\":\"https:\/\/maitresseaurel.fr\/index.php\/2023\/07\/28\/2023-jamais-deux-sans-trois-a214576535\/\"},\"wordCount\":1046,\"commentCount\":0,\"image\":{\"@id\":\"https:\/\/maitresseaurel.fr\/index.php\/2023\/07\/28\/2023-jamais-deux-sans-trois-a214576535\/#primaryimage\"},\"thumbnailUrl\":\"https:\/\/maitresseaurel.fr\/wp-content\/uploads\/2023\/07\/goal.png\",\"articleSection\":[\"PE mais pas que ...\"],\"inLanguage\":\"fr-FR\",\"potentialAction\":[{\"@type\":\"CommentAction\",\"name\":\"Comment\",\"target\":[\"https:\/\/maitresseaurel.fr\/index.php\/2023\/07\/28\/2023-jamais-deux-sans-trois-a214576535\/#respond\"]}]},{\"@type\":\"WebPage\",\"@id\":\"https:\/\/maitresseaurel.fr\/index.php\/2023\/07\/28\/2023-jamais-deux-sans-trois-a214576535\/\",\"url\":\"https:\/\/maitresseaurel.fr\/index.php\/2023\/07\/28\/2023-jamais-deux-sans-trois-a214576535\/\",\"name\":\"2023, jamais deux sans trois &#x2026; - maitresseaurel.fr\",\"isPartOf\":{\"@id\":\"https:\/\/maitresseaurel.fr\/#website\"},\"primaryImageOfPage\":{\"@id\":\"https:\/\/maitresseaurel.fr\/index.php\/2023\/07\/28\/2023-jamais-deux-sans-trois-a214576535\/#primaryimage\"},\"image\":{\"@id\":\"https:\/\/maitresseaurel.fr\/index.php\/2023\/07\/28\/2023-jamais-deux-sans-trois-a214576535\/#primaryimage\"},\"thumbnailUrl\":\"https:\/\/maitresseaurel.fr\/wp-content\/uploads\/2023\/07\/goal.png\",\"datePublished\":\"2023-07-28T18:47:07+00:00\",\"author\":{\"@id\":\"https:\/\/maitresseaurel.fr\/#\/schema\/person\/026d4273414c5652f8ec9c6e1bb5267b\"},\"breadcrumb\":{\"@id\":\"https:\/\/maitresseaurel.fr\/index.php\/2023\/07\/28\/2023-jamais-deux-sans-trois-a214576535\/#breadcrumb\"},\"inLanguage\":\"fr-FR\",\"potentialAction\":[{\"@type\":\"ReadAction\",\"target\":[\"https:\/\/maitresseaurel.fr\/index.php\/2023\/07\/28\/2023-jamais-deux-sans-trois-a214576535\/\"]}]},{\"@type\":\"ImageObject\",\"inLanguage\":\"fr-FR\",\"@id\":\"https:\/\/maitresseaurel.fr\/index.php\/2023\/07\/28\/2023-jamais-deux-sans-trois-a214576535\/#primaryimage\",\"url\":\"https:\/\/maitresseaurel.fr\/wp-content\/uploads\/2023\/07\/goal.png\",\"contentUrl\":\"https:\/\/maitresseaurel.fr\/wp-content\/uploads\/2023\/07\/goal.png\",\"width\":875,\"height\":502},{\"@type\":\"BreadcrumbList\",\"@id\":\"https:\/\/maitresseaurel.fr\/index.php\/2023\/07\/28\/2023-jamais-deux-sans-trois-a214576535\/#breadcrumb\",\"itemListElement\":[{\"@type\":\"ListItem\",\"position\":1,\"name\":\"Accueil\",\"item\":\"https:\/\/maitresseaurel.fr\/\"},{\"@type\":\"ListItem\",\"position\":2,\"name\":\"2023, jamais deux sans trois &#x2026;\"}]},{\"@type\":\"WebSite\",\"@id\":\"https:\/\/maitresseaurel.fr\/#website\",\"url\":\"https:\/\/maitresseaurel.fr\/\",\"name\":\"maitresseaurel.fr\",\"description\":\"\",\"potentialAction\":[{\"@type\":\"SearchAction\",\"target\":{\"@type\":\"EntryPoint\",\"urlTemplate\":\"https:\/\/maitresseaurel.fr\/?s={search_term_string}\"},\"query-input\":{\"@type\":\"PropertyValueSpecification\",\"valueRequired\":true,\"valueName\":\"search_term_string\"}}],\"inLanguage\":\"fr-FR\"},{\"@type\":\"Person\",\"@id\":\"https:\/\/maitresseaurel.fr\/#\/schema\/person\/026d4273414c5652f8ec9c6e1bb5267b\",\"name\":\"Aur\u00e9lia\",\"image\":{\"@type\":\"ImageObject\",\"inLanguage\":\"fr-FR\",\"@id\":\"https:\/\/secure.gravatar.com\/avatar\/56d026fc304d6002ba90f0747fcdd7abc5d0829042252f69e22f099af5bb00b1?s=96&d=mm&r=g\",\"url\":\"https:\/\/secure.gravatar.com\/avatar\/56d026fc304d6002ba90f0747fcdd7abc5d0829042252f69e22f099af5bb00b1?s=96&d=mm&r=g\",\"contentUrl\":\"https:\/\/secure.gravatar.com\/avatar\/56d026fc304d6002ba90f0747fcdd7abc5d0829042252f69e22f099af5bb00b1?s=96&d=mm&r=g\",\"caption\":\"Aur\u00e9lia\"},\"sameAs\":[\"https:\/\/maitresseaurel.fr\",\"https:\/\/www.facebook.com\/maitresseaurel\",\"https:\/\/www.instagram.com\/maitresse_aurel\/profilecard\/?igsh=MTV0ODVkeWcydXp3aQ==\",\"https:\/\/youtube.com\/@maitresseaurel590?si=D-w3cs66VCiDUyKn\"],\"url\":\"https:\/\/maitresseaurel.fr\/index.php\/author\/webmaster_k2451fyr\/\"}]}<\/script>\n<!-- \/ Yoast SEO plugin. -->","yoast_head_json":{"title":"2023, jamais deux sans trois &#x2026; - maitresseaurel.fr","robots":{"index":"index","follow":"follow","max-snippet":"max-snippet:-1","max-image-preview":"max-image-preview:large","max-video-preview":"max-video-preview:-1"},"canonical":"https:\/\/maitresseaurel.fr\/index.php\/2023\/07\/28\/2023-jamais-deux-sans-trois-a214576535\/","og_locale":"fr_FR","og_type":"article","og_title":"2023, jamais deux sans trois &#x2026; - maitresseaurel.fr","og_description":"Maintenant que l\u2019ann\u00e9e scolaire est termin\u00e9e, je prends le temps de revenir sur le blog pour le reprendre doucement en main. Mais avant cela, je tenais \u00e0 r\u00e9diger un petit article \u00ab&nbsp;bilan&nbsp;\u00bb de tous ces mois \u00e9coul\u00e9s loin d\u2019ici. L\u2019ann\u00e9e fut \u00e0 la fois riche, charg\u00e9e, \u00e9prouvante, fatigante et surprenante. Elle fut l\u2019ann\u00e9e qui a [&hellip;]","og_url":"https:\/\/maitresseaurel.fr\/index.php\/2023\/07\/28\/2023-jamais-deux-sans-trois-a214576535\/","og_site_name":"maitresseaurel.fr","article_author":"https:\/\/www.facebook.com\/maitresseaurel","article_published_time":"2023-07-28T18:47:07+00:00","author":"Aur\u00e9lia","twitter_card":"summary_large_image","twitter_misc":{"\u00c9crit par":"Aur\u00e9lia","Dur\u00e9e de lecture estim\u00e9e":"5 minutes"},"schema":{"@context":"https:\/\/schema.org","@graph":[{"@type":"Article","@id":"https:\/\/maitresseaurel.fr\/index.php\/2023\/07\/28\/2023-jamais-deux-sans-trois-a214576535\/#article","isPartOf":{"@id":"https:\/\/maitresseaurel.fr\/index.php\/2023\/07\/28\/2023-jamais-deux-sans-trois-a214576535\/"},"author":{"name":"Aur\u00e9lia","@id":"https:\/\/maitresseaurel.fr\/#\/schema\/person\/026d4273414c5652f8ec9c6e1bb5267b"},"headline":"2023, jamais deux sans trois &#x2026;","datePublished":"2023-07-28T18:47:07+00:00","mainEntityOfPage":{"@id":"https:\/\/maitresseaurel.fr\/index.php\/2023\/07\/28\/2023-jamais-deux-sans-trois-a214576535\/"},"wordCount":1046,"commentCount":0,"image":{"@id":"https:\/\/maitresseaurel.fr\/index.php\/2023\/07\/28\/2023-jamais-deux-sans-trois-a214576535\/#primaryimage"},"thumbnailUrl":"https:\/\/maitresseaurel.fr\/wp-content\/uploads\/2023\/07\/goal.png","articleSection":["PE mais pas que ..."],"inLanguage":"fr-FR","potentialAction":[{"@type":"CommentAction","name":"Comment","target":["https:\/\/maitresseaurel.fr\/index.php\/2023\/07\/28\/2023-jamais-deux-sans-trois-a214576535\/#respond"]}]},{"@type":"WebPage","@id":"https:\/\/maitresseaurel.fr\/index.php\/2023\/07\/28\/2023-jamais-deux-sans-trois-a214576535\/","url":"https:\/\/maitresseaurel.fr\/index.php\/2023\/07\/28\/2023-jamais-deux-sans-trois-a214576535\/","name":"2023, jamais deux sans trois &#x2026; - maitresseaurel.fr","isPartOf":{"@id":"https:\/\/maitresseaurel.fr\/#website"},"primaryImageOfPage":{"@id":"https:\/\/maitresseaurel.fr\/index.php\/2023\/07\/28\/2023-jamais-deux-sans-trois-a214576535\/#primaryimage"},"image":{"@id":"https:\/\/maitresseaurel.fr\/index.php\/2023\/07\/28\/2023-jamais-deux-sans-trois-a214576535\/#primaryimage"},"thumbnailUrl":"https:\/\/maitresseaurel.fr\/wp-content\/uploads\/2023\/07\/goal.png","datePublished":"2023-07-28T18:47:07+00:00","author":{"@id":"https:\/\/maitresseaurel.fr\/#\/schema\/person\/026d4273414c5652f8ec9c6e1bb5267b"},"breadcrumb":{"@id":"https:\/\/maitresseaurel.fr\/index.php\/2023\/07\/28\/2023-jamais-deux-sans-trois-a214576535\/#breadcrumb"},"inLanguage":"fr-FR","potentialAction":[{"@type":"ReadAction","target":["https:\/\/maitresseaurel.fr\/index.php\/2023\/07\/28\/2023-jamais-deux-sans-trois-a214576535\/"]}]},{"@type":"ImageObject","inLanguage":"fr-FR","@id":"https:\/\/maitresseaurel.fr\/index.php\/2023\/07\/28\/2023-jamais-deux-sans-trois-a214576535\/#primaryimage","url":"https:\/\/maitresseaurel.fr\/wp-content\/uploads\/2023\/07\/goal.png","contentUrl":"https:\/\/maitresseaurel.fr\/wp-content\/uploads\/2023\/07\/goal.png","width":875,"height":502},{"@type":"BreadcrumbList","@id":"https:\/\/maitresseaurel.fr\/index.php\/2023\/07\/28\/2023-jamais-deux-sans-trois-a214576535\/#breadcrumb","itemListElement":[{"@type":"ListItem","position":1,"name":"Accueil","item":"https:\/\/maitresseaurel.fr\/"},{"@type":"ListItem","position":2,"name":"2023, jamais deux sans trois &#x2026;"}]},{"@type":"WebSite","@id":"https:\/\/maitresseaurel.fr\/#website","url":"https:\/\/maitresseaurel.fr\/","name":"maitresseaurel.fr","description":"","potentialAction":[{"@type":"SearchAction","target":{"@type":"EntryPoint","urlTemplate":"https:\/\/maitresseaurel.fr\/?s={search_term_string}"},"query-input":{"@type":"PropertyValueSpecification","valueRequired":true,"valueName":"search_term_string"}}],"inLanguage":"fr-FR"},{"@type":"Person","@id":"https:\/\/maitresseaurel.fr\/#\/schema\/person\/026d4273414c5652f8ec9c6e1bb5267b","name":"Aur\u00e9lia","image":{"@type":"ImageObject","inLanguage":"fr-FR","@id":"https:\/\/secure.gravatar.com\/avatar\/56d026fc304d6002ba90f0747fcdd7abc5d0829042252f69e22f099af5bb00b1?s=96&d=mm&r=g","url":"https:\/\/secure.gravatar.com\/avatar\/56d026fc304d6002ba90f0747fcdd7abc5d0829042252f69e22f099af5bb00b1?s=96&d=mm&r=g","contentUrl":"https:\/\/secure.gravatar.com\/avatar\/56d026fc304d6002ba90f0747fcdd7abc5d0829042252f69e22f099af5bb00b1?s=96&d=mm&r=g","caption":"Aur\u00e9lia"},"sameAs":["https:\/\/maitresseaurel.fr","https:\/\/www.facebook.com\/maitresseaurel","https:\/\/www.instagram.com\/maitresse_aurel\/profilecard\/?igsh=MTV0ODVkeWcydXp3aQ==","https:\/\/youtube.com\/@maitresseaurel590?si=D-w3cs66VCiDUyKn"],"url":"https:\/\/maitresseaurel.fr\/index.php\/author\/webmaster_k2451fyr\/"}]}},"_links":{"self":[{"href":"https:\/\/maitresseaurel.fr\/index.php\/wp-json\/wp\/v2\/posts\/582","targetHints":{"allow":["GET"]}}],"collection":[{"href":"https:\/\/maitresseaurel.fr\/index.php\/wp-json\/wp\/v2\/posts"}],"about":[{"href":"https:\/\/maitresseaurel.fr\/index.php\/wp-json\/wp\/v2\/types\/post"}],"author":[{"embeddable":true,"href":"https:\/\/maitresseaurel.fr\/index.php\/wp-json\/wp\/v2\/users\/1"}],"replies":[{"embeddable":true,"href":"https:\/\/maitresseaurel.fr\/index.php\/wp-json\/wp\/v2\/comments?post=582"}],"version-history":[{"count":0,"href":"https:\/\/maitresseaurel.fr\/index.php\/wp-json\/wp\/v2\/posts\/582\/revisions"}],"wp:featuredmedia":[{"embeddable":true,"href":"https:\/\/maitresseaurel.fr\/index.php\/wp-json\/wp\/v2\/media\/1425"}],"wp:attachment":[{"href":"https:\/\/maitresseaurel.fr\/index.php\/wp-json\/wp\/v2\/media?parent=582"}],"wp:term":[{"taxonomy":"category","embeddable":true,"href":"https:\/\/maitresseaurel.fr\/index.php\/wp-json\/wp\/v2\/categories?post=582"},{"taxonomy":"post_tag","embeddable":true,"href":"https:\/\/maitresseaurel.fr\/index.php\/wp-json\/wp\/v2\/tags?post=582"}],"curies":[{"name":"wp","href":"https:\/\/api.w.org\/{rel}","templated":true}]}}