{"id":589,"date":"2022-08-26T17:35:33","date_gmt":"2022-08-26T17:35:33","guid":{"rendered":"https:\/\/maitresseaurel.grouik.fr\/un-travail-de-fourmis-a-la-maniere-de-narramus-a213037499\/"},"modified":"2022-08-26T17:35:33","modified_gmt":"2022-08-26T17:35:33","slug":"un-travail-de-fourmis-a-la-maniere-de-narramus-a213037499","status":"publish","type":"post","link":"https:\/\/maitresseaurel.fr\/index.php\/2022\/08\/26\/un-travail-de-fourmis-a-la-maniere-de-narramus-a213037499\/","title":{"rendered":"\u00ab\u00a0Un travail de fourmis\u00a0\u00bb &#xE0; la mani&#xE8;re de Narramus"},"content":{"rendered":"\n<p><em>Cet \u00e9t\u00e9, j&rsquo;ai pris le temps de cr\u00e9er une nouvelle exploitation d&rsquo;album \u00e0 la mani\u00e8re de la d\u00e9marche Narramus autour de l&rsquo;album \u00ab\u00a0Un travail de fourmis\u00a0\u00bb du P\u00e8re Castor. Vous trouverez l&rsquo;ensemble des ressources sur lesquelles j&rsquo;ai travaill\u00e9 \u00e0 la fin de cet article, apr\u00e8s une petite explication rapide sur le pourquoi du comment de leur cr\u00e9ation. \ud83d\ude09<\/em><\/p>\n\n\n\n<p><em><strong>Narramus, k\u00e9zako ?<\/strong><\/em><\/p>\n\n\n\n<p>Depuis plusieurs ann\u00e9es avec mes coll\u00e8gues de CP nous utilisons la collection&nbsp;<a href=\"https:\/\/www.editions-retz.com\/actualites\/narramus-apprendre-a-comprendre-et-a-raconter-une-histoire-en-maternelle.html\">Narramus des Editions Retz<\/a> pour travailler la compr\u00e9hension et apprendre \u00e0 nos \u00e9l\u00e8ves \u00e0 raconter une histoire.<\/p>\n\n\n\n<figure class=\"wp-block-image\"><a href=\"https:\/\/www.editions-retz.com\/actualites\/narramus-apprendre-a-comprendre-et-a-raconter-une-histoire-en-maternelle.html\"><img decoding=\"async\" src=\"https:\/\/ekladata.com\/QIq50O_GmcUegXTWKEHvE3OO7uc.jpg\" alt=\"&quot;Un travail de fourmis&quot; \u00e0 la mani\u00e8re de Narramus\"\/><\/a><\/figure>\n\n\n\n<p><br>Cette collection propose des exploitations d&rsquo;albums allant <strong>de la PS au CP<\/strong>.<\/p>\n\n\n\n<p><br>Nous avions d\u00e9marr\u00e9 en testant \u00ab\u00a0La ch\u00e8vre biscornue\u00a0\u00bb. Comme nous avions toutes ador\u00e9 la d\u00e9marche p\u00e9dagogique propos\u00e9e et que les effets sur les \u00e9l\u00e8ves avaient \u00e9t\u00e9 visibles, nous avons depuis fait l&rsquo;acquisition de tous les tomes destin\u00e9s aux GS-CP.<\/p>\n\n\n\n<p>Ce que j&rsquo;appr\u00e9cie beaucoup c&rsquo;est que la collection <strong>\u00e9volue en m\u00eame temps que les \u00e9l\u00e8ves et s&rsquo;adapte vraiment \u00e0 leur niveau<\/strong> et aux comp\u00e9tences acquises au fil de l&rsquo;ann\u00e9e.<\/p>\n\n\n\n<p>La derni\u00e8re parution en date en est la preuve ! Dans ce dernier volume intitul\u00e9&nbsp;<a href=\"https:\/\/www.editions-retz.com\/pedagogie\/francais\/narramus-pecheur-de-couleurs-cp-ce1-ressources-numeriques-9782725640129.html\">\u00ab\u00a0P\u00eacheurs de couleurs\u00a0\u00bb<\/a> et destin\u00e9 au CP-CE1, des activit\u00e9s suppl\u00e9mentaires sont propos\u00e9es. En plus de celles qui permettent de d\u00e9velopper les comp\u00e9tences narratives, des exercices de d\u00e9codage, d&rsquo;encodage et de lecture \u00e0 voix haute sont inclus.<br>Nous l&rsquo;avons exploit\u00e9 en classe en P5 et les \u00e9l\u00e8ves ont ador\u00e9 !<\/p>\n\n\n\n<p><br>Ils y ont retrouv\u00e9 les \u00e9l\u00e9ments qu&rsquo;ils adoraient dans les \u00e9tudes d&rsquo;albums pr\u00e9c\u00e9dents et ont pu aller plus loin. C&rsquo;est l\u00e0 qu&rsquo;ils se sont rendus compte qui oui, \u00e7a y est ! Ils savaient lire \u00ab\u00a0pour de vrai\u00a0\u00bb !<\/p>\n\n\n\n<p>Narramus est un support qui est \u00e0 mon sens plus que pertinent dans la cadre, par exemple, d&rsquo;un <strong>projet de liaison GS-CP<\/strong>. Les GS peuvent ainsi raconter une histoire aux CP et les CP pourraient lire une histoire aux GS.<\/p>\n\n\n\n<p>La collection Narramus est certes cons\u00e9quente mais j&rsquo;avais envie pour la rentr\u00e9e de me pencher sur un album bien particulier qui ne figure pas dans la liste des ouvrages propos\u00e9s ! J&rsquo;ai donc d\u00e9cid\u00e9 de cr\u00e9er les supports dont j&rsquo;avais besoin pour mener \u00e0 bien mon projet.<\/p>\n\n\n\n<p><em><strong>Pourquoi avoir choisi cet ouvrage en particulier ?<\/strong><\/em><\/p>\n\n\n\n<p>Je souhaitais travailler sur un album que je puisse lier au projet d&rsquo;EMC sur les valeurs essentielles de la classe.<\/p>\n\n\n\n<p>A la rentr\u00e9e, mes \u00e9l\u00e8ves auront ainsi deux animaux \u00ab\u00a0<strong>totems<\/strong>\u00a0\u00bb auxquels les valeurs de la classe seront rattach\u00e9es. <em>(Je reviendrais sur le d\u00e9tail de ce projet d&rsquo;EMC qui \u00e9voquera \u00e0 la fois des valeurs de comportement mais aussi de travail dans un article d\u00e9di\u00e9).<\/em><\/p>\n\n\n\n<p>La fourmi sera un de ces animaux totems et j&rsquo;ai donc choisi un album \u00e9voquant cet animal pr\u00e9cis : \u00ab\u00a0Un travail de fourmis\u00a0\u00bb.<\/p>\n\n\n\n<figure class=\"wp-block-image size-full\"><img loading=\"lazy\" decoding=\"async\" width=\"340\" height=\"340\" src=\"https:\/\/maitresseaurel.grouik.fr\/wp-content\/uploads\/2022\/08\/image.jpeg\" alt=\"\" class=\"wp-image-1862\" srcset=\"https:\/\/maitresseaurel.fr\/wp-content\/uploads\/2022\/08\/image.jpeg 340w, https:\/\/maitresseaurel.fr\/wp-content\/uploads\/2022\/08\/image-300x300.jpeg 300w, https:\/\/maitresseaurel.fr\/wp-content\/uploads\/2022\/08\/image-150x150.jpeg 150w\" sizes=\"auto, (max-width: 340px) 100vw, 340px\" \/><\/figure>\n\n\n\n<p><em>Apr\u00e8s une cascade d&rsquo;\u00e9ternuements, Ours se trouve enferm\u00e9 dans sa grotte dont l&rsquo;entr\u00e9e est bouch\u00e9e par un rocher. Une petite fourmi a entendu les appels d&rsquo;Ours et demande du secours aux autres animaux. Mais ceux qui viennent tentent vainement de bouger le rocher et c&rsquo;est finalement la petite fourmi et cent mille autres fourmis qui arriveront \u00e0 l&rsquo;enlever.<\/em><\/p>\n\n\n\n<p>Dans cette histoire, la fourmi joue un r\u00f4le essentiel et m\u00eame d\u00e9cisif qui permet de comprendre que <strong>ce n&rsquo;est parce qu&rsquo;on est petit qu&rsquo;on ne peut pas faire la diff\u00e9rence.<\/strong><\/p>\n\n\n\n<p>C&rsquo;est un point que je met en avant le d\u00e9but d&rsquo;ann\u00e9e avec mes CP car d&rsquo;une part ils sont les plus petits de l&rsquo;\u00e9cole et les plus grands ont tendance \u00e0 penser qu&rsquo;ils ne peuvent\/savent rien faire <em>(ce qui est totalement faux \u00e9videmment !)<\/em> et d&rsquo;autre part parce qu&rsquo;au sein m\u00eame de la classe, chacun peut faire ou fait la diff\u00e9rence, pour les autres mais aussi pour lui-m\u00eame.<\/p>\n\n\n\n<p>Cet album que j&rsquo;adore n&rsquo;\u00e9tant pas propos\u00e9 dans la collection Narramus, j&rsquo;ai retrouss\u00e9 mes manches afin de me le \u00ab\u00a0fabriquer\u00a0\u00bb moi-m\u00eame et mener ainsi ce projet \u00e0 bien.<\/p>\n\n\n\n<p><em><strong>Les supports mis \u00e0 disposition<\/strong><\/em><\/p>\n\n\n\n<p>Vous trouverez donc ci-dessous les diff\u00e9rents outils cr\u00e9\u00e9s pour exploiter cet album avec mes \u00e9l\u00e8ves :<\/p>\n\n\n\n<p>&#8211; Les personnages pour la <strong>pochette \u00e0 conter <\/strong>du centre de langage oral<\/p>\n\n\n\n<p>&#8211; Le <strong>diaporama de mise en m\u00e9moire des mots<\/strong> semblable \u00e0 ceux de la d\u00e9marche Narramus. J&rsquo;ai fait en sorte qu&rsquo;il soit dans un format adapt\u00e9 \u00e0 l&rsquo;impression de mode \u00ab\u00a0plusieurs feuilles par page\u00a0\u00bb afin de pouvoir r\u00e9aliser les \u00e9tiquettes-mots et les ajouter \u00e0 la pochette \u00e0 conter.<\/p>\n\n\n\n<p>&#8211; Un <strong>d\u00e9roul\u00e9 de l&rsquo;exploitation de l&rsquo;album<\/strong> en 7 modules et pr\u00eat \u00e0 \u00eatre projet\u00e9 et suivi en classe avec les \u00e9l\u00e8ves.<\/p>\n\n\n\n<figure class=\"wp-block-image\"><a href=\"https:\/\/livre.fnac.com\/a13358215\/Pere-Castor-Un-travail-de-fourmis-Vanessa-Gautier\"><img decoding=\"async\" src=\"https:\/\/ekladata.com\/Dz-vuxoYssmLJaaH3Uw5JoorGK8.jpg\" alt=\"&quot;Un travail de fourmis&quot; \u00e0 la mani\u00e8re de Narramus\"\/><\/a><\/figure>\n\n\n\n<figure class=\"wp-block-image\"><a href=\"https:\/\/ekladata.com\/-JeGaqUUZwhQqLsU2Oco5SncU_o.pdf\"><img decoding=\"async\" src=\"https:\/\/ekladata.com\/QJ2wdyv0lWHTHGlnjrTUrv21dT0@790x101.png\" alt=\"&quot;Un travail de fourmis&quot; \u00e0 la mani\u00e8re de Narramus\"\/><\/a><\/figure>\n\n\n\n<figure class=\"wp-block-image\"><a href=\"https:\/\/ekladata.com\/5MTflmAmHgk5XvK1CZ7HrY6Pntg.pdf\"><img decoding=\"async\" src=\"https:\/\/ekladata.com\/-En7pUz0iyJos8MP8UC9zHtAoM4@793x96.png\" alt=\"&quot;Un travail de fourmis&quot; \u00e0 la mani\u00e8re de Narramus\"\/><\/a><\/figure>\n\n\n\n<figure class=\"wp-block-image\"><a href=\"https:\/\/ekladata.com\/i43nTTUHBmOuOs16m8qBGx4Ad3o.pdf\"><img decoding=\"async\" src=\"https:\/\/ekladata.com\/UMsNzw_Bng2Nu1clxT43n6yA3sc@796x95.png\" alt=\"&quot;Un travail de fourmis&quot; \u00e0 la mani\u00e8re de Narramus\"\/><\/a><\/figure>\n\n\n\n<p>Si jamais vous utilisez ces supports, n&rsquo;h\u00e9sitez pas \u00e0 m&rsquo;en faire un retour afin que nous puissions l&rsquo;am\u00e9liorer ensemble si besoin.<\/p>\n\n\n\n<p><strong>Merci d&rsquo;avance ! \ud83d\ude09<\/strong><\/p>\n","protected":false},"excerpt":{"rendered":"<p>Cet \u00e9t\u00e9, j&rsquo;ai pris le temps de cr\u00e9er une nouvelle exploitation d&rsquo;album \u00e0 la mani\u00e8re de la d\u00e9marche Narramus autour de l&rsquo;album \u00ab\u00a0Un travail de fourmis\u00a0\u00bb du P\u00e8re Castor. Vous trouverez l&rsquo;ensemble des ressources sur lesquelles j&rsquo;ai travaill\u00e9 \u00e0 la fin de cet article, apr\u00e8s une petite explication rapide sur le pourquoi du comment de [&hellip;]<\/p>\n","protected":false},"author":1,"featured_media":1862,"comment_status":"open","ping_status":"open","sticky":false,"template":"","format":"standard","meta":{"footnotes":""},"categories":[4,11,13],"tags":[],"class_list":["post-589","post","type-post","status-publish","format-standard","has-post-thumbnail","hentry","category-domaines-denseignement","category-langage-oral","category-lecture-et-comprehension"],"yoast_head":"<!-- This site is optimized with the Yoast SEO plugin v27.2 - https:\/\/yoast.com\/product\/yoast-seo-wordpress\/ -->\n<title>&quot;Un travail de fourmis&quot; &#xE0; la mani&#xE8;re de Narramus - maitresseaurel.fr<\/title>\n<meta name=\"robots\" content=\"index, follow, max-snippet:-1, max-image-preview:large, max-video-preview:-1\" \/>\n<link rel=\"canonical\" href=\"https:\/\/maitresseaurel.fr\/index.php\/2022\/08\/26\/un-travail-de-fourmis-a-la-maniere-de-narramus-a213037499\/\" \/>\n<meta property=\"og:locale\" content=\"fr_FR\" \/>\n<meta property=\"og:type\" content=\"article\" \/>\n<meta property=\"og:title\" content=\"&quot;Un travail de fourmis&quot; &#xE0; la mani&#xE8;re de Narramus - maitresseaurel.fr\" \/>\n<meta property=\"og:description\" content=\"Cet \u00e9t\u00e9, j&rsquo;ai pris le temps de cr\u00e9er une nouvelle exploitation d&rsquo;album \u00e0 la mani\u00e8re de la d\u00e9marche Narramus autour de l&rsquo;album \u00ab\u00a0Un travail de fourmis\u00a0\u00bb du P\u00e8re Castor. Vous trouverez l&rsquo;ensemble des ressources sur lesquelles j&rsquo;ai travaill\u00e9 \u00e0 la fin de cet article, apr\u00e8s une petite explication rapide sur le pourquoi du comment de [&hellip;]\" \/>\n<meta property=\"og:url\" content=\"https:\/\/maitresseaurel.fr\/index.php\/2022\/08\/26\/un-travail-de-fourmis-a-la-maniere-de-narramus-a213037499\/\" \/>\n<meta property=\"og:site_name\" content=\"maitresseaurel.fr\" \/>\n<meta property=\"article:author\" content=\"https:\/\/www.facebook.com\/maitresseaurel\" \/>\n<meta property=\"article:published_time\" content=\"2022-08-26T17:35:33+00:00\" \/>\n<meta property=\"og:image\" content=\"https:\/\/ekladata.com\/QIq50O_GmcUegXTWKEHvE3OO7uc.jpg\" \/>\n<meta name=\"author\" content=\"Aur\u00e9lia\" \/>\n<meta name=\"twitter:card\" content=\"summary_large_image\" \/>\n<meta name=\"twitter:label1\" content=\"\u00c9crit par\" \/>\n\t<meta name=\"twitter:data1\" content=\"Aur\u00e9lia\" \/>\n\t<meta name=\"twitter:label2\" content=\"Dur\u00e9e de lecture estim\u00e9e\" \/>\n\t<meta name=\"twitter:data2\" content=\"4 minutes\" \/>\n<script type=\"application\/ld+json\" class=\"yoast-schema-graph\">{\"@context\":\"https:\/\/schema.org\",\"@graph\":[{\"@type\":\"Article\",\"@id\":\"https:\/\/maitresseaurel.fr\/index.php\/2022\/08\/26\/un-travail-de-fourmis-a-la-maniere-de-narramus-a213037499\/#article\",\"isPartOf\":{\"@id\":\"https:\/\/maitresseaurel.fr\/index.php\/2022\/08\/26\/un-travail-de-fourmis-a-la-maniere-de-narramus-a213037499\/\"},\"author\":{\"name\":\"Aur\u00e9lia\",\"@id\":\"https:\/\/maitresseaurel.fr\/#\/schema\/person\/026d4273414c5652f8ec9c6e1bb5267b\"},\"headline\":\"\u00ab\u00a0Un travail de fourmis\u00a0\u00bb &#xE0; la mani&#xE8;re de Narramus\",\"datePublished\":\"2022-08-26T17:35:33+00:00\",\"mainEntityOfPage\":{\"@id\":\"https:\/\/maitresseaurel.fr\/index.php\/2022\/08\/26\/un-travail-de-fourmis-a-la-maniere-de-narramus-a213037499\/\"},\"wordCount\":871,\"commentCount\":0,\"image\":{\"@id\":\"https:\/\/maitresseaurel.fr\/index.php\/2022\/08\/26\/un-travail-de-fourmis-a-la-maniere-de-narramus-a213037499\/#primaryimage\"},\"thumbnailUrl\":\"https:\/\/maitresseaurel.fr\/wp-content\/uploads\/2022\/08\/image.jpeg\",\"articleSection\":[\"Disciplines\",\"Langage oral\",\"Lecture et Cie\"],\"inLanguage\":\"fr-FR\",\"potentialAction\":[{\"@type\":\"CommentAction\",\"name\":\"Comment\",\"target\":[\"https:\/\/maitresseaurel.fr\/index.php\/2022\/08\/26\/un-travail-de-fourmis-a-la-maniere-de-narramus-a213037499\/#respond\"]}]},{\"@type\":\"WebPage\",\"@id\":\"https:\/\/maitresseaurel.fr\/index.php\/2022\/08\/26\/un-travail-de-fourmis-a-la-maniere-de-narramus-a213037499\/\",\"url\":\"https:\/\/maitresseaurel.fr\/index.php\/2022\/08\/26\/un-travail-de-fourmis-a-la-maniere-de-narramus-a213037499\/\",\"name\":\"\\\"Un travail de fourmis\\\" &#xE0; la mani&#xE8;re de Narramus - maitresseaurel.fr\",\"isPartOf\":{\"@id\":\"https:\/\/maitresseaurel.fr\/#website\"},\"primaryImageOfPage\":{\"@id\":\"https:\/\/maitresseaurel.fr\/index.php\/2022\/08\/26\/un-travail-de-fourmis-a-la-maniere-de-narramus-a213037499\/#primaryimage\"},\"image\":{\"@id\":\"https:\/\/maitresseaurel.fr\/index.php\/2022\/08\/26\/un-travail-de-fourmis-a-la-maniere-de-narramus-a213037499\/#primaryimage\"},\"thumbnailUrl\":\"https:\/\/maitresseaurel.fr\/wp-content\/uploads\/2022\/08\/image.jpeg\",\"datePublished\":\"2022-08-26T17:35:33+00:00\",\"author\":{\"@id\":\"https:\/\/maitresseaurel.fr\/#\/schema\/person\/026d4273414c5652f8ec9c6e1bb5267b\"},\"breadcrumb\":{\"@id\":\"https:\/\/maitresseaurel.fr\/index.php\/2022\/08\/26\/un-travail-de-fourmis-a-la-maniere-de-narramus-a213037499\/#breadcrumb\"},\"inLanguage\":\"fr-FR\",\"potentialAction\":[{\"@type\":\"ReadAction\",\"target\":[\"https:\/\/maitresseaurel.fr\/index.php\/2022\/08\/26\/un-travail-de-fourmis-a-la-maniere-de-narramus-a213037499\/\"]}]},{\"@type\":\"ImageObject\",\"inLanguage\":\"fr-FR\",\"@id\":\"https:\/\/maitresseaurel.fr\/index.php\/2022\/08\/26\/un-travail-de-fourmis-a-la-maniere-de-narramus-a213037499\/#primaryimage\",\"url\":\"https:\/\/maitresseaurel.fr\/wp-content\/uploads\/2022\/08\/image.jpeg\",\"contentUrl\":\"https:\/\/maitresseaurel.fr\/wp-content\/uploads\/2022\/08\/image.jpeg\",\"width\":340,\"height\":340},{\"@type\":\"BreadcrumbList\",\"@id\":\"https:\/\/maitresseaurel.fr\/index.php\/2022\/08\/26\/un-travail-de-fourmis-a-la-maniere-de-narramus-a213037499\/#breadcrumb\",\"itemListElement\":[{\"@type\":\"ListItem\",\"position\":1,\"name\":\"Accueil\",\"item\":\"https:\/\/maitresseaurel.fr\/\"},{\"@type\":\"ListItem\",\"position\":2,\"name\":\"\u00ab\u00a0Un travail de fourmis\u00a0\u00bb &#xE0; la mani&#xE8;re de Narramus\"}]},{\"@type\":\"WebSite\",\"@id\":\"https:\/\/maitresseaurel.fr\/#website\",\"url\":\"https:\/\/maitresseaurel.fr\/\",\"name\":\"maitresseaurel.fr\",\"description\":\"\",\"potentialAction\":[{\"@type\":\"SearchAction\",\"target\":{\"@type\":\"EntryPoint\",\"urlTemplate\":\"https:\/\/maitresseaurel.fr\/?s={search_term_string}\"},\"query-input\":{\"@type\":\"PropertyValueSpecification\",\"valueRequired\":true,\"valueName\":\"search_term_string\"}}],\"inLanguage\":\"fr-FR\"},{\"@type\":\"Person\",\"@id\":\"https:\/\/maitresseaurel.fr\/#\/schema\/person\/026d4273414c5652f8ec9c6e1bb5267b\",\"name\":\"Aur\u00e9lia\",\"image\":{\"@type\":\"ImageObject\",\"inLanguage\":\"fr-FR\",\"@id\":\"https:\/\/secure.gravatar.com\/avatar\/56d026fc304d6002ba90f0747fcdd7abc5d0829042252f69e22f099af5bb00b1?s=96&d=mm&r=g\",\"url\":\"https:\/\/secure.gravatar.com\/avatar\/56d026fc304d6002ba90f0747fcdd7abc5d0829042252f69e22f099af5bb00b1?s=96&d=mm&r=g\",\"contentUrl\":\"https:\/\/secure.gravatar.com\/avatar\/56d026fc304d6002ba90f0747fcdd7abc5d0829042252f69e22f099af5bb00b1?s=96&d=mm&r=g\",\"caption\":\"Aur\u00e9lia\"},\"sameAs\":[\"https:\/\/maitresseaurel.fr\",\"https:\/\/www.facebook.com\/maitresseaurel\",\"https:\/\/www.instagram.com\/maitresse_aurel\/profilecard\/?igsh=MTV0ODVkeWcydXp3aQ==\",\"https:\/\/youtube.com\/@maitresseaurel590?si=D-w3cs66VCiDUyKn\"],\"url\":\"https:\/\/maitresseaurel.fr\/index.php\/author\/webmaster_k2451fyr\/\"}]}<\/script>\n<!-- \/ Yoast SEO plugin. -->","yoast_head_json":{"title":"\"Un travail de fourmis\" &#xE0; la mani&#xE8;re de Narramus - maitresseaurel.fr","robots":{"index":"index","follow":"follow","max-snippet":"max-snippet:-1","max-image-preview":"max-image-preview:large","max-video-preview":"max-video-preview:-1"},"canonical":"https:\/\/maitresseaurel.fr\/index.php\/2022\/08\/26\/un-travail-de-fourmis-a-la-maniere-de-narramus-a213037499\/","og_locale":"fr_FR","og_type":"article","og_title":"\"Un travail de fourmis\" &#xE0; la mani&#xE8;re de Narramus - maitresseaurel.fr","og_description":"Cet \u00e9t\u00e9, j&rsquo;ai pris le temps de cr\u00e9er une nouvelle exploitation d&rsquo;album \u00e0 la mani\u00e8re de la d\u00e9marche Narramus autour de l&rsquo;album \u00ab\u00a0Un travail de fourmis\u00a0\u00bb du P\u00e8re Castor. Vous trouverez l&rsquo;ensemble des ressources sur lesquelles j&rsquo;ai travaill\u00e9 \u00e0 la fin de cet article, apr\u00e8s une petite explication rapide sur le pourquoi du comment de [&hellip;]","og_url":"https:\/\/maitresseaurel.fr\/index.php\/2022\/08\/26\/un-travail-de-fourmis-a-la-maniere-de-narramus-a213037499\/","og_site_name":"maitresseaurel.fr","article_author":"https:\/\/www.facebook.com\/maitresseaurel","article_published_time":"2022-08-26T17:35:33+00:00","og_image":[{"url":"https:\/\/ekladata.com\/QIq50O_GmcUegXTWKEHvE3OO7uc.jpg","type":"","width":"","height":""}],"author":"Aur\u00e9lia","twitter_card":"summary_large_image","twitter_misc":{"\u00c9crit par":"Aur\u00e9lia","Dur\u00e9e de lecture estim\u00e9e":"4 minutes"},"schema":{"@context":"https:\/\/schema.org","@graph":[{"@type":"Article","@id":"https:\/\/maitresseaurel.fr\/index.php\/2022\/08\/26\/un-travail-de-fourmis-a-la-maniere-de-narramus-a213037499\/#article","isPartOf":{"@id":"https:\/\/maitresseaurel.fr\/index.php\/2022\/08\/26\/un-travail-de-fourmis-a-la-maniere-de-narramus-a213037499\/"},"author":{"name":"Aur\u00e9lia","@id":"https:\/\/maitresseaurel.fr\/#\/schema\/person\/026d4273414c5652f8ec9c6e1bb5267b"},"headline":"\u00ab\u00a0Un travail de fourmis\u00a0\u00bb &#xE0; la mani&#xE8;re de Narramus","datePublished":"2022-08-26T17:35:33+00:00","mainEntityOfPage":{"@id":"https:\/\/maitresseaurel.fr\/index.php\/2022\/08\/26\/un-travail-de-fourmis-a-la-maniere-de-narramus-a213037499\/"},"wordCount":871,"commentCount":0,"image":{"@id":"https:\/\/maitresseaurel.fr\/index.php\/2022\/08\/26\/un-travail-de-fourmis-a-la-maniere-de-narramus-a213037499\/#primaryimage"},"thumbnailUrl":"https:\/\/maitresseaurel.fr\/wp-content\/uploads\/2022\/08\/image.jpeg","articleSection":["Disciplines","Langage oral","Lecture et Cie"],"inLanguage":"fr-FR","potentialAction":[{"@type":"CommentAction","name":"Comment","target":["https:\/\/maitresseaurel.fr\/index.php\/2022\/08\/26\/un-travail-de-fourmis-a-la-maniere-de-narramus-a213037499\/#respond"]}]},{"@type":"WebPage","@id":"https:\/\/maitresseaurel.fr\/index.php\/2022\/08\/26\/un-travail-de-fourmis-a-la-maniere-de-narramus-a213037499\/","url":"https:\/\/maitresseaurel.fr\/index.php\/2022\/08\/26\/un-travail-de-fourmis-a-la-maniere-de-narramus-a213037499\/","name":"\"Un travail de fourmis\" &#xE0; la mani&#xE8;re de Narramus - maitresseaurel.fr","isPartOf":{"@id":"https:\/\/maitresseaurel.fr\/#website"},"primaryImageOfPage":{"@id":"https:\/\/maitresseaurel.fr\/index.php\/2022\/08\/26\/un-travail-de-fourmis-a-la-maniere-de-narramus-a213037499\/#primaryimage"},"image":{"@id":"https:\/\/maitresseaurel.fr\/index.php\/2022\/08\/26\/un-travail-de-fourmis-a-la-maniere-de-narramus-a213037499\/#primaryimage"},"thumbnailUrl":"https:\/\/maitresseaurel.fr\/wp-content\/uploads\/2022\/08\/image.jpeg","datePublished":"2022-08-26T17:35:33+00:00","author":{"@id":"https:\/\/maitresseaurel.fr\/#\/schema\/person\/026d4273414c5652f8ec9c6e1bb5267b"},"breadcrumb":{"@id":"https:\/\/maitresseaurel.fr\/index.php\/2022\/08\/26\/un-travail-de-fourmis-a-la-maniere-de-narramus-a213037499\/#breadcrumb"},"inLanguage":"fr-FR","potentialAction":[{"@type":"ReadAction","target":["https:\/\/maitresseaurel.fr\/index.php\/2022\/08\/26\/un-travail-de-fourmis-a-la-maniere-de-narramus-a213037499\/"]}]},{"@type":"ImageObject","inLanguage":"fr-FR","@id":"https:\/\/maitresseaurel.fr\/index.php\/2022\/08\/26\/un-travail-de-fourmis-a-la-maniere-de-narramus-a213037499\/#primaryimage","url":"https:\/\/maitresseaurel.fr\/wp-content\/uploads\/2022\/08\/image.jpeg","contentUrl":"https:\/\/maitresseaurel.fr\/wp-content\/uploads\/2022\/08\/image.jpeg","width":340,"height":340},{"@type":"BreadcrumbList","@id":"https:\/\/maitresseaurel.fr\/index.php\/2022\/08\/26\/un-travail-de-fourmis-a-la-maniere-de-narramus-a213037499\/#breadcrumb","itemListElement":[{"@type":"ListItem","position":1,"name":"Accueil","item":"https:\/\/maitresseaurel.fr\/"},{"@type":"ListItem","position":2,"name":"\u00ab\u00a0Un travail de fourmis\u00a0\u00bb &#xE0; la mani&#xE8;re de Narramus"}]},{"@type":"WebSite","@id":"https:\/\/maitresseaurel.fr\/#website","url":"https:\/\/maitresseaurel.fr\/","name":"maitresseaurel.fr","description":"","potentialAction":[{"@type":"SearchAction","target":{"@type":"EntryPoint","urlTemplate":"https:\/\/maitresseaurel.fr\/?s={search_term_string}"},"query-input":{"@type":"PropertyValueSpecification","valueRequired":true,"valueName":"search_term_string"}}],"inLanguage":"fr-FR"},{"@type":"Person","@id":"https:\/\/maitresseaurel.fr\/#\/schema\/person\/026d4273414c5652f8ec9c6e1bb5267b","name":"Aur\u00e9lia","image":{"@type":"ImageObject","inLanguage":"fr-FR","@id":"https:\/\/secure.gravatar.com\/avatar\/56d026fc304d6002ba90f0747fcdd7abc5d0829042252f69e22f099af5bb00b1?s=96&d=mm&r=g","url":"https:\/\/secure.gravatar.com\/avatar\/56d026fc304d6002ba90f0747fcdd7abc5d0829042252f69e22f099af5bb00b1?s=96&d=mm&r=g","contentUrl":"https:\/\/secure.gravatar.com\/avatar\/56d026fc304d6002ba90f0747fcdd7abc5d0829042252f69e22f099af5bb00b1?s=96&d=mm&r=g","caption":"Aur\u00e9lia"},"sameAs":["https:\/\/maitresseaurel.fr","https:\/\/www.facebook.com\/maitresseaurel","https:\/\/www.instagram.com\/maitresse_aurel\/profilecard\/?igsh=MTV0ODVkeWcydXp3aQ==","https:\/\/youtube.com\/@maitresseaurel590?si=D-w3cs66VCiDUyKn"],"url":"https:\/\/maitresseaurel.fr\/index.php\/author\/webmaster_k2451fyr\/"}]}},"_links":{"self":[{"href":"https:\/\/maitresseaurel.fr\/index.php\/wp-json\/wp\/v2\/posts\/589","targetHints":{"allow":["GET"]}}],"collection":[{"href":"https:\/\/maitresseaurel.fr\/index.php\/wp-json\/wp\/v2\/posts"}],"about":[{"href":"https:\/\/maitresseaurel.fr\/index.php\/wp-json\/wp\/v2\/types\/post"}],"author":[{"embeddable":true,"href":"https:\/\/maitresseaurel.fr\/index.php\/wp-json\/wp\/v2\/users\/1"}],"replies":[{"embeddable":true,"href":"https:\/\/maitresseaurel.fr\/index.php\/wp-json\/wp\/v2\/comments?post=589"}],"version-history":[{"count":0,"href":"https:\/\/maitresseaurel.fr\/index.php\/wp-json\/wp\/v2\/posts\/589\/revisions"}],"wp:featuredmedia":[{"embeddable":true,"href":"https:\/\/maitresseaurel.fr\/index.php\/wp-json\/wp\/v2\/media\/1862"}],"wp:attachment":[{"href":"https:\/\/maitresseaurel.fr\/index.php\/wp-json\/wp\/v2\/media?parent=589"}],"wp:term":[{"taxonomy":"category","embeddable":true,"href":"https:\/\/maitresseaurel.fr\/index.php\/wp-json\/wp\/v2\/categories?post=589"},{"taxonomy":"post_tag","embeddable":true,"href":"https:\/\/maitresseaurel.fr\/index.php\/wp-json\/wp\/v2\/tags?post=589"}],"curies":[{"name":"wp","href":"https:\/\/api.w.org\/{rel}","templated":true}]}}