{"id":638,"date":"2020-06-08T11:23:37","date_gmt":"2020-06-08T11:23:37","guid":{"rendered":"https:\/\/maitresseaurel.grouik.fr\/le-cahier-de-reussites-et-de-progres-numerique-a188932374\/"},"modified":"2020-06-08T11:23:37","modified_gmt":"2020-06-08T11:23:37","slug":"le-cahier-de-reussites-et-de-progres-numerique-a188932374","status":"publish","type":"post","link":"https:\/\/maitresseaurel.fr\/index.php\/2020\/06\/08\/le-cahier-de-reussites-et-de-progres-numerique-a188932374\/","title":{"rendered":"Le cahier de r&#xE9;ussites et de progr&#xE8;s num&#xE9;rique"},"content":{"rendered":"\n<p><em>Apr\u00e8s une ann\u00e9e scolaire in\u00e9dite et pleines de rebondissements o\u00f9 chacun de nous a eu \u00e0 s&rsquo;adapter \u00e0 de multiples reprises \u00e0 un enseignement \u00ab\u00a0hybride\u00a0\u00bb, j&rsquo;ai souhait\u00e9 commencer \u00e0 penser \u00e0 \u00ab\u00a0l&rsquo;apr\u00e8s\u00a0\u00bb.C&rsquo;est lors de mes r\u00e9flexions que m&rsquo;est venue l&rsquo;id\u00e9e d&rsquo;adapter certains outils de classe comme les cahiers de r\u00e9ussites et de progr\u00e8s.<\/em><\/p>\n\n\n\n<p>Avec le protocole sanitaire mis en place ces derni\u00e8res semaines, difficile d&rsquo;adapter l&rsquo;espace \u00e0 la p\u00e9dagogie comme je l&rsquo;avais fait jusqu&rsquo;\u00e0 pr\u00e9sent. Il faut m\u00eame faire carr\u00e9ment l&rsquo;inverse en adaptant pour le coup la p\u00e9dagogie aux imp\u00e9ratifs sanitaires.<\/p>\n\n\n\n<p>La classe flexible a donc d\u00fb \u00eatre mise en \u00ab\u00a0pause\u00a0\u00bb pour un temps <em>(mais pas pour toujours, heureusement ! Juste le temps de bien m\u00fbrir certaines id\u00e9es, adaptations et \u00e9volutions ;-))<\/em> afin de faire passer la sant\u00e9 des enfants avant toute autre chose.<\/p>\n\n\n\n<p>Mais bon &#8230; Comme j&rsquo;aime bien m&rsquo;avancer et anticiper au maximum de choses afin de ne pas me retrouver au pied du mur du jour au lendemain <em>(oui, tout \u00e0 fait &#8230; ce fut rude pour moi cette ann\u00e9e du coup ! lol)<\/em>, j&rsquo;ai souhait\u00e9, comme chaque ann\u00e9e \u00e0 cette p\u00e9riode, me plonger un peu dans la pr\u00e9paration de la rentr\u00e9e de septembre.<\/p>\n\n\n\n<p><strong>Seulement voil\u00e0 &#8230;<\/strong><\/p>\n\n\n\n<p>A ce jour, rien de vraiment pr\u00e9cis n&rsquo;est annonc\u00e9 concernant les modalit\u00e9s de la rentr\u00e9e 2020 <em>(et pour cause : personne ne sait de quoi demain sera fait ! Alors septembre &#8230;).&nbsp;<\/em><\/p>\n\n\n\n<p>Penser \u00e0 l&rsquo;am\u00e9nagement de la classe et des espaces en g\u00e9n\u00e9ral se rev\u00e8le impossible <em>(ou en tous cas, compliqu\u00e9 car le risque de tout devoir revoir avant la rentr\u00e9e et d&rsquo;avoir tout repenser et bouger pour rien est grand. Cela serait encore plus d\u00e9moralisant que tout ce qu&rsquo;on a pu vivre jusque l\u00e0. \ud83d\ude41 )<\/em> Je pr\u00e9f\u00e8re donc m&rsquo;abstenir de penser \u00e0 l&rsquo;espace-classe pour le moment et attendre encore un peu les conditions \u00e0 respecter.<\/p>\n\n\n\n<p>C&rsquo;est pour cela que j&rsquo;ai d\u00e9cid\u00e9 de me pencher en priorit\u00e9 sur les le\u00e7ons que je voulais tirer de l&rsquo;enseignement \u00e0 distance.<\/p>\n\n\n\n<p>Le premier point sur lequel je souhaitais me pencher a \u00e9t\u00e9 <strong>la relation avec les familles !<\/strong><\/p>\n\n\n\n<p>Elle n&rsquo;a jamais \u00e9t\u00e9 aussi bonne qu&rsquo;en temps de confinement ! Malgr\u00e9 la distance et malgr\u00e9 les quelques rares cas de \u00ab\u00a0silence radio\u00a0\u00bb, je dois avouer que le dialogue s&rsquo;est v\u00e9ritablement install\u00e9 avec les familles, dans l&rsquo;int\u00e9r\u00eat des enfants.<\/p>\n\n\n\n<p>Par t\u00e9l\u00e9phone, visios, mails, messagerie priv\u00e9e &#8230; <strong>Ensemble, nous avons oeuvr\u00e9 (autant que possible durant cette p\u00e9riode in\u00e9dite) \u00e0 faire progresser les enfants.<\/strong><\/p>\n\n\n\n<p>Certains ont fait de r\u00e9els progr\u00e8s durant cette p\u00e9riode !<\/p>\n\n\n\n<p>Quelle joie pour moi de recevoir les photos des enfants en pleine concentration , les vid\u00e9os de leur lecture, etc &#8230;<\/p>\n\n\n\n<p>Je souhaitais pouvoir<strong> valoriser tout cela<\/strong> et <strong>le faire figurer quelque part.<\/strong><\/p>\n\n\n\n<p><em>Mais c&rsquo;est l\u00e0 que le c\u00f4t\u00e9 \u00ab\u00a0distance\u00a0\u00bb \u00e0 imposer ses limites.<\/em><\/p>\n\n\n\n<p>Les cahiers \u00e9taient \u00e0 l&rsquo;\u00e9cole &#8230;<\/p>\n\n\n\n<p>Conserver les photos dans l&rsquo;ordinateur ne permettaient pas de les mettre en valeur aux yeux des enfants et des familles.<\/p>\n\n\n\n<p>J&rsquo;ai donc voulu adapter ces outils pour pouvoir les utiliser avec les \u00e9l\u00e8ves peu importe les conditions futures d&rsquo;enseignement.<\/p>\n\n\n\n<p>Je me suis donc tourn\u00e9e vers le num\u00e9rique. Je me suis dit qu&rsquo;apr\u00e8s 3 mois de travail \u00e0 ses c\u00f4t\u00e9s, notre relation pourrait s&rsquo;am\u00e9liorer un peu <em>(parce que j&rsquo;avoue en avoir quand m\u00eame eu un peu ras le bol &#8230;)<\/em> et qu&rsquo;il pourrait \u00eatre LA solution pour cr\u00e9er des outils que je pourrais utiliser \u00e0 la fois en classe avec les \u00e9l\u00e8ves tout en me permettant de conserver les traces des progr\u00e8s et r\u00e9ussites r\u00e9alis\u00e9es \u00e0 la maison, en distanciel.<\/p>\n\n\n\n<p><em><strong>Comment s&rsquo;organise ce cahier num\u00e9rique&nbsp; ?<\/strong><\/em><\/p>\n\n\n\n<p>Il r\u00e9unit deux cahiers en un :<\/p>\n\n\n\n<p><strong>Le cahier de r\u00e9ussites<\/strong><\/p>\n\n\n\n<p>Il r\u00e9unit toutes les \u00ab\u00a0preuves\u00a0\u00bb de r\u00e9ussites des \u00e9l\u00e8ves : photos des exercices de validation, de manipulation, enregistrements (par QR code), etc &#8230; Les pages laiss\u00e9es volontairement blanches permettent non seulement de donner la libert\u00e9 \u00e0 l&rsquo;enseignant d&rsquo;individualiser au maximum ce cahier mais aussi de permettra \u00e0 l&rsquo;\u00e9l\u00e8ve d&rsquo;organiser chaque page selon ses envies (avec l&rsquo;aide de l&rsquo;enseignant lors du bilan individuel hebdomadaire).<\/p>\n\n\n\n<p>Bref, on y met tout ce qui permet de valider une comp\u00e9tence ou simplement de mettre en avant une fiert\u00e9 personnelle <em>(parce que \u00e7a fait un bien fou au moral !).<\/em><\/p>\n\n\n\n<figure class=\"wp-block-image\"><img decoding=\"async\" src=\"https:\/\/ekladata.com\/pJheUya4RRvyp9TjsRSuQb-49iA@792x562.png\" alt=\"Le cahier de r\u00e9ussites et de progr\u00e8s num\u00e9rique\"\/><\/figure>\n\n\n\n<p>La mise en page de cette partie du document avec les disciplines, les sous-domaines et les attendus de fin de cycle m&rsquo;a \u00e9t\u00e9 consid\u00e9rablement facilit\u00e9e car j&rsquo;ai utilis\u00e9 l<strong>&lsquo;Album de R\u00e9ussites de Dani\u00e8le Adad, paru aux \u00e9ditions Retz<\/strong> qui d\u00e9taille tous ces \u00e9l\u00e9ments de mani\u00e8re tr\u00e8s claire et synth\u00e9tique.<\/p>\n\n\n\n<figure class=\"wp-block-image\"><a href=\"https:\/\/www.editions-retz.com\/materiel-scolaire\/maitrise-de-la-langue\/mon-album-de-reussite-cp-ce1-ce2-edition-2019-9782725638041.html\"><img decoding=\"async\" src=\"https:\/\/ekladata.com\/_1yC19gGz87XyYmNz2SaLCB8zMo@367x267.jpg\" alt=\"Le cahier de r\u00e9ussites et de progr\u00e8s num\u00e9rique\"\/><\/a><\/figure>\n\n\n\n<p><strong>Le cahier de progr\u00e8s<\/strong><\/p>\n\n\n\n<p>Il regroupe toutes les comp\u00e9tences \u00e0 valider au cours de l&rsquo;ann\u00e9e de CP tout en offrant la possibilit\u00e9 d&rsquo;une personnalisation des parcours gr\u00e2ce aux cases laiss\u00e9es vides. Je vous en parle plus en d\u00e9tails par <a href=\"http:\/\/maitresseaurel.eklablog.com\/la-recette-du-livret-de-progres-a170061304\">ICI<\/a>.<\/p>\n\n\n\n<figure class=\"wp-block-image\"><img decoding=\"async\" src=\"https:\/\/ekladata.com\/uScVL-K0BSWS1VoOxFOK6eoFJTE@794x569.png\" alt=\"Le cahier de r\u00e9ussites et de progr\u00e8s num\u00e9rique\"\/><\/figure>\n\n\n\n<p>Apr\u00e8s quelques bidouillages informatiques pour organiser tout cela et rendre le support interactif et facilement utilisable en classe avec les enfants, voil\u00e0 le r\u00e9sultat final du cahier num\u00e9rique destin\u00e9 \u00e0 mes CP, en vid\u00e9o :<\/p>\n\n\n\n<figure class=\"wp-block-embed is-type-rich is-provider-prise-en-charge-des-contenus-embarqu-s wp-block-embed-prise-en-charge-des-contenus-embarqu-s\"><div class=\"wp-block-embed__wrapper\">\nhttps:\/\/youtube.com\/watch?v=r2cg0548R1Y%3Ffeature%3Doembed\n<\/div><\/figure>\n\n\n\n<p><em>NB : Il est utilisable sur les tablette Android avec l&rsquo;application Xodo (gratuite) et sur iPad avec GoodNotes (payante).<\/em><\/p>\n\n\n\n<p><strong>Bien s\u00fbr, ce support a \u00e9galement ses limites !<\/strong><\/p>\n\n\n\n<p>Contrairement au support papier, en condition d&rsquo;enseignement \u00e0 distance,<strong> il ne peut pas \u00eatre rempli par l&rsquo;\u00e9l\u00e8ve tout le temps, \u00e0 n&rsquo;importe quel moment, etc &#8230; De m\u00eame, qu&rsquo;il ne pourra pas \u00eatre consult\u00e9 \u00e0 tout instant.<\/strong><\/p>\n\n\n\n<p>Mais il a le m\u00e9rite de me permettre de pouvoir <strong>conserver un semblant de pratique p\u00e9dagogique qui me plaise et me convienne<\/strong>. C&rsquo;\u00e9tait l\u00e0 ce que je souhaitais en priorit\u00e9 suite aux r\u00e9cents \u00e9v\u00e8nements.<\/p>\n\n\n\n<p>Je vous laisse ci-dessous la version que j&rsquo;ai pr\u00e9par\u00e9 pour ma classe en PDF \u00ab\u00a0pr\u00eat \u00e0 l&#8217;emploi\u00a0\u00bb pour les applications de prises de notes sur tablette.<\/p>\n\n\n\n<figure class=\"wp-block-image size-full\"><img loading=\"lazy\" decoding=\"async\" width=\"500\" height=\"350\" src=\"https:\/\/maitresseaurel.grouik.fr\/wp-content\/uploads\/2020\/06\/image-1.png\" alt=\"\" class=\"wp-image-1991\" srcset=\"https:\/\/maitresseaurel.fr\/wp-content\/uploads\/2020\/06\/image-1.png 500w, https:\/\/maitresseaurel.fr\/wp-content\/uploads\/2020\/06\/image-1-300x210.png 300w\" sizes=\"auto, (max-width: 500px) 100vw, 500px\" \/><\/figure>\n\n\n\n<p>Comme je sais bien que tout le monde n&rsquo;a pas des \u00e9l\u00e8ves de cycle 2 et encore moisn des CP, je glisse aussi ici pour les coll\u00e8gues qui souhaiteraient cr\u00e9er un document similaire pour <strong>leur niveau de classe ou un autre cycle <\/strong>une version modificable <em>(format PPT)<\/em> avec une vid\u00e9o pour vous donner <strong>quelques petites pr\u00e9cisions et mises en garde<\/strong> pour que vos modifications se d\u00e9roulent sans encombre. \ud83d\ude09<\/p>\n\n\n\n<p>Si jamais, apr\u00e8s vos propres \u00ab\u00a0bidouillages\u00a0\u00bb, vous souhaitez partager vos adaptations de ce support, n&rsquo;h\u00e9sitez pas \u00e0 m&rsquo;en faire part. Ce sera un plaisir pour moi de leur faire une place dans cet article. <em>#ensembleonvaplusloin<\/em><\/p>\n\n\n\n<figure class=\"wp-block-image\"><a href=\"https:\/\/ekladata.com\/47GomUc7Ru3mnz3EZjrJGOA09WA.pptx\"><img decoding=\"async\" src=\"https:\/\/ekladata.com\/pHHpRqYczIWb0g9FDe1V0AD2nBs@500x357.png\" alt=\"Le cahier de r\u00e9ussites et de progr\u00e8s digital\"\/><\/a><\/figure>\n\n\n\n<figure class=\"wp-block-image\"><a href=\"https:\/\/ekladata.com\/oQTZ_JHf7K6-NPH_U-8Y9UUP7Ck.png\"><img decoding=\"async\" src=\"https:\/\/ekladata.com\/oQTZ_JHf7K6-NPH_U-8Y9UUP7Ck@500x371.png\" alt=\"Le cahier de r\u00e9ussites et de progr\u00e8s digital\"\/><\/a><\/figure>\n\n\n\n<figure class=\"wp-block-embed is-type-rich is-provider-prise-en-charge-des-contenus-embarqu-s wp-block-embed-prise-en-charge-des-contenus-embarqu-s\"><div class=\"wp-block-embed__wrapper\">\nhttps:\/\/youtube.com\/watch?v=EjAR2fup4PU%3Ffeature%3Doembed\n<\/div><\/figure>\n\n\n\n<p><strong>Belle d\u00e9couverte et cr\u00e9ation \u00e0 vous ! \ud83d\ude09<\/strong><\/p>\n","protected":false},"excerpt":{"rendered":"<p>Apr\u00e8s une ann\u00e9e scolaire in\u00e9dite et pleines de rebondissements o\u00f9 chacun de nous a eu \u00e0 s&rsquo;adapter \u00e0 de multiples reprises \u00e0 un enseignement \u00ab\u00a0hybride\u00a0\u00bb, j&rsquo;ai souhait\u00e9 commencer \u00e0 penser \u00e0 \u00ab\u00a0l&rsquo;apr\u00e8s\u00a0\u00bb.C&rsquo;est lors de mes r\u00e9flexions que m&rsquo;est venue l&rsquo;id\u00e9e d&rsquo;adapter certains outils de classe comme les cahiers de r\u00e9ussites et de progr\u00e8s. Avec le [&hellip;]<\/p>\n","protected":false},"author":1,"featured_media":1991,"comment_status":"open","ping_status":"open","sticky":false,"template":"","format":"standard","meta":{"footnotes":""},"categories":[23,25],"tags":[],"class_list":["post-638","post","type-post","status-publish","format-standard","has-post-thumbnail","hentry","category-supports","category-supports_enseignant"],"yoast_head":"<!-- This site is optimized with the Yoast SEO plugin v27.2 - https:\/\/yoast.com\/product\/yoast-seo-wordpress\/ -->\n<title>Le cahier de r&#xE9;ussites et de progr&#xE8;s num&#xE9;rique - maitresseaurel.fr<\/title>\n<meta name=\"robots\" content=\"index, follow, max-snippet:-1, max-image-preview:large, max-video-preview:-1\" \/>\n<link rel=\"canonical\" href=\"https:\/\/maitresseaurel.fr\/index.php\/2020\/06\/08\/le-cahier-de-reussites-et-de-progres-numerique-a188932374\/\" \/>\n<meta property=\"og:locale\" content=\"fr_FR\" \/>\n<meta property=\"og:type\" content=\"article\" \/>\n<meta property=\"og:title\" content=\"Le cahier de r&#xE9;ussites et de progr&#xE8;s num&#xE9;rique - maitresseaurel.fr\" \/>\n<meta property=\"og:description\" content=\"Apr\u00e8s une ann\u00e9e scolaire in\u00e9dite et pleines de rebondissements o\u00f9 chacun de nous a eu \u00e0 s&rsquo;adapter \u00e0 de multiples reprises \u00e0 un enseignement \u00ab\u00a0hybride\u00a0\u00bb, j&rsquo;ai souhait\u00e9 commencer \u00e0 penser \u00e0 \u00ab\u00a0l&rsquo;apr\u00e8s\u00a0\u00bb.C&rsquo;est lors de mes r\u00e9flexions que m&rsquo;est venue l&rsquo;id\u00e9e d&rsquo;adapter certains outils de classe comme les cahiers de r\u00e9ussites et de progr\u00e8s. Avec le [&hellip;]\" \/>\n<meta property=\"og:url\" content=\"https:\/\/maitresseaurel.fr\/index.php\/2020\/06\/08\/le-cahier-de-reussites-et-de-progres-numerique-a188932374\/\" \/>\n<meta property=\"og:site_name\" content=\"maitresseaurel.fr\" \/>\n<meta property=\"article:author\" content=\"https:\/\/www.facebook.com\/maitresseaurel\" \/>\n<meta property=\"article:published_time\" content=\"2020-06-08T11:23:37+00:00\" \/>\n<meta property=\"og:image\" content=\"https:\/\/ekladata.com\/pJheUya4RRvyp9TjsRSuQb-49iA@792x562.png\" \/>\n<meta name=\"author\" content=\"Aur\u00e9lia\" \/>\n<meta name=\"twitter:card\" content=\"summary_large_image\" \/>\n<meta name=\"twitter:label1\" content=\"\u00c9crit par\" \/>\n\t<meta name=\"twitter:data1\" content=\"Aur\u00e9lia\" \/>\n\t<meta name=\"twitter:label2\" content=\"Dur\u00e9e de lecture estim\u00e9e\" \/>\n\t<meta name=\"twitter:data2\" content=\"6 minutes\" \/>\n<script type=\"application\/ld+json\" class=\"yoast-schema-graph\">{\"@context\":\"https:\/\/schema.org\",\"@graph\":[{\"@type\":\"Article\",\"@id\":\"https:\/\/maitresseaurel.fr\/index.php\/2020\/06\/08\/le-cahier-de-reussites-et-de-progres-numerique-a188932374\/#article\",\"isPartOf\":{\"@id\":\"https:\/\/maitresseaurel.fr\/index.php\/2020\/06\/08\/le-cahier-de-reussites-et-de-progres-numerique-a188932374\/\"},\"author\":{\"name\":\"Aur\u00e9lia\",\"@id\":\"https:\/\/maitresseaurel.fr\/#\/schema\/person\/026d4273414c5652f8ec9c6e1bb5267b\"},\"headline\":\"Le cahier de r&#xE9;ussites et de progr&#xE8;s num&#xE9;rique\",\"datePublished\":\"2020-06-08T11:23:37+00:00\",\"mainEntityOfPage\":{\"@id\":\"https:\/\/maitresseaurel.fr\/index.php\/2020\/06\/08\/le-cahier-de-reussites-et-de-progres-numerique-a188932374\/\"},\"wordCount\":1207,\"commentCount\":0,\"image\":{\"@id\":\"https:\/\/maitresseaurel.fr\/index.php\/2020\/06\/08\/le-cahier-de-reussites-et-de-progres-numerique-a188932374\/#primaryimage\"},\"thumbnailUrl\":\"https:\/\/maitresseaurel.fr\/wp-content\/uploads\/2020\/06\/image-1.png\",\"articleSection\":[\"Supports\",\"Supports PE\"],\"inLanguage\":\"fr-FR\",\"potentialAction\":[{\"@type\":\"CommentAction\",\"name\":\"Comment\",\"target\":[\"https:\/\/maitresseaurel.fr\/index.php\/2020\/06\/08\/le-cahier-de-reussites-et-de-progres-numerique-a188932374\/#respond\"]}]},{\"@type\":\"WebPage\",\"@id\":\"https:\/\/maitresseaurel.fr\/index.php\/2020\/06\/08\/le-cahier-de-reussites-et-de-progres-numerique-a188932374\/\",\"url\":\"https:\/\/maitresseaurel.fr\/index.php\/2020\/06\/08\/le-cahier-de-reussites-et-de-progres-numerique-a188932374\/\",\"name\":\"Le cahier de r&#xE9;ussites et de progr&#xE8;s num&#xE9;rique - maitresseaurel.fr\",\"isPartOf\":{\"@id\":\"https:\/\/maitresseaurel.fr\/#website\"},\"primaryImageOfPage\":{\"@id\":\"https:\/\/maitresseaurel.fr\/index.php\/2020\/06\/08\/le-cahier-de-reussites-et-de-progres-numerique-a188932374\/#primaryimage\"},\"image\":{\"@id\":\"https:\/\/maitresseaurel.fr\/index.php\/2020\/06\/08\/le-cahier-de-reussites-et-de-progres-numerique-a188932374\/#primaryimage\"},\"thumbnailUrl\":\"https:\/\/maitresseaurel.fr\/wp-content\/uploads\/2020\/06\/image-1.png\",\"datePublished\":\"2020-06-08T11:23:37+00:00\",\"author\":{\"@id\":\"https:\/\/maitresseaurel.fr\/#\/schema\/person\/026d4273414c5652f8ec9c6e1bb5267b\"},\"breadcrumb\":{\"@id\":\"https:\/\/maitresseaurel.fr\/index.php\/2020\/06\/08\/le-cahier-de-reussites-et-de-progres-numerique-a188932374\/#breadcrumb\"},\"inLanguage\":\"fr-FR\",\"potentialAction\":[{\"@type\":\"ReadAction\",\"target\":[\"https:\/\/maitresseaurel.fr\/index.php\/2020\/06\/08\/le-cahier-de-reussites-et-de-progres-numerique-a188932374\/\"]}]},{\"@type\":\"ImageObject\",\"inLanguage\":\"fr-FR\",\"@id\":\"https:\/\/maitresseaurel.fr\/index.php\/2020\/06\/08\/le-cahier-de-reussites-et-de-progres-numerique-a188932374\/#primaryimage\",\"url\":\"https:\/\/maitresseaurel.fr\/wp-content\/uploads\/2020\/06\/image-1.png\",\"contentUrl\":\"https:\/\/maitresseaurel.fr\/wp-content\/uploads\/2020\/06\/image-1.png\",\"width\":500,\"height\":350},{\"@type\":\"BreadcrumbList\",\"@id\":\"https:\/\/maitresseaurel.fr\/index.php\/2020\/06\/08\/le-cahier-de-reussites-et-de-progres-numerique-a188932374\/#breadcrumb\",\"itemListElement\":[{\"@type\":\"ListItem\",\"position\":1,\"name\":\"Accueil\",\"item\":\"https:\/\/maitresseaurel.fr\/\"},{\"@type\":\"ListItem\",\"position\":2,\"name\":\"Le cahier de r&#xE9;ussites et de progr&#xE8;s num&#xE9;rique\"}]},{\"@type\":\"WebSite\",\"@id\":\"https:\/\/maitresseaurel.fr\/#website\",\"url\":\"https:\/\/maitresseaurel.fr\/\",\"name\":\"maitresseaurel.fr\",\"description\":\"\",\"potentialAction\":[{\"@type\":\"SearchAction\",\"target\":{\"@type\":\"EntryPoint\",\"urlTemplate\":\"https:\/\/maitresseaurel.fr\/?s={search_term_string}\"},\"query-input\":{\"@type\":\"PropertyValueSpecification\",\"valueRequired\":true,\"valueName\":\"search_term_string\"}}],\"inLanguage\":\"fr-FR\"},{\"@type\":\"Person\",\"@id\":\"https:\/\/maitresseaurel.fr\/#\/schema\/person\/026d4273414c5652f8ec9c6e1bb5267b\",\"name\":\"Aur\u00e9lia\",\"image\":{\"@type\":\"ImageObject\",\"inLanguage\":\"fr-FR\",\"@id\":\"https:\/\/secure.gravatar.com\/avatar\/56d026fc304d6002ba90f0747fcdd7abc5d0829042252f69e22f099af5bb00b1?s=96&d=mm&r=g\",\"url\":\"https:\/\/secure.gravatar.com\/avatar\/56d026fc304d6002ba90f0747fcdd7abc5d0829042252f69e22f099af5bb00b1?s=96&d=mm&r=g\",\"contentUrl\":\"https:\/\/secure.gravatar.com\/avatar\/56d026fc304d6002ba90f0747fcdd7abc5d0829042252f69e22f099af5bb00b1?s=96&d=mm&r=g\",\"caption\":\"Aur\u00e9lia\"},\"sameAs\":[\"https:\/\/maitresseaurel.fr\",\"https:\/\/www.facebook.com\/maitresseaurel\",\"https:\/\/www.instagram.com\/maitresse_aurel\/profilecard\/?igsh=MTV0ODVkeWcydXp3aQ==\",\"https:\/\/youtube.com\/@maitresseaurel590?si=D-w3cs66VCiDUyKn\"],\"url\":\"https:\/\/maitresseaurel.fr\/index.php\/author\/webmaster_k2451fyr\/\"}]}<\/script>\n<!-- \/ Yoast SEO plugin. -->","yoast_head_json":{"title":"Le cahier de r&#xE9;ussites et de progr&#xE8;s num&#xE9;rique - maitresseaurel.fr","robots":{"index":"index","follow":"follow","max-snippet":"max-snippet:-1","max-image-preview":"max-image-preview:large","max-video-preview":"max-video-preview:-1"},"canonical":"https:\/\/maitresseaurel.fr\/index.php\/2020\/06\/08\/le-cahier-de-reussites-et-de-progres-numerique-a188932374\/","og_locale":"fr_FR","og_type":"article","og_title":"Le cahier de r&#xE9;ussites et de progr&#xE8;s num&#xE9;rique - maitresseaurel.fr","og_description":"Apr\u00e8s une ann\u00e9e scolaire in\u00e9dite et pleines de rebondissements o\u00f9 chacun de nous a eu \u00e0 s&rsquo;adapter \u00e0 de multiples reprises \u00e0 un enseignement \u00ab\u00a0hybride\u00a0\u00bb, j&rsquo;ai souhait\u00e9 commencer \u00e0 penser \u00e0 \u00ab\u00a0l&rsquo;apr\u00e8s\u00a0\u00bb.C&rsquo;est lors de mes r\u00e9flexions que m&rsquo;est venue l&rsquo;id\u00e9e d&rsquo;adapter certains outils de classe comme les cahiers de r\u00e9ussites et de progr\u00e8s. Avec le [&hellip;]","og_url":"https:\/\/maitresseaurel.fr\/index.php\/2020\/06\/08\/le-cahier-de-reussites-et-de-progres-numerique-a188932374\/","og_site_name":"maitresseaurel.fr","article_author":"https:\/\/www.facebook.com\/maitresseaurel","article_published_time":"2020-06-08T11:23:37+00:00","og_image":[{"url":"https:\/\/ekladata.com\/pJheUya4RRvyp9TjsRSuQb-49iA@792x562.png","type":"","width":"","height":""}],"author":"Aur\u00e9lia","twitter_card":"summary_large_image","twitter_misc":{"\u00c9crit par":"Aur\u00e9lia","Dur\u00e9e de lecture estim\u00e9e":"6 minutes"},"schema":{"@context":"https:\/\/schema.org","@graph":[{"@type":"Article","@id":"https:\/\/maitresseaurel.fr\/index.php\/2020\/06\/08\/le-cahier-de-reussites-et-de-progres-numerique-a188932374\/#article","isPartOf":{"@id":"https:\/\/maitresseaurel.fr\/index.php\/2020\/06\/08\/le-cahier-de-reussites-et-de-progres-numerique-a188932374\/"},"author":{"name":"Aur\u00e9lia","@id":"https:\/\/maitresseaurel.fr\/#\/schema\/person\/026d4273414c5652f8ec9c6e1bb5267b"},"headline":"Le cahier de r&#xE9;ussites et de progr&#xE8;s num&#xE9;rique","datePublished":"2020-06-08T11:23:37+00:00","mainEntityOfPage":{"@id":"https:\/\/maitresseaurel.fr\/index.php\/2020\/06\/08\/le-cahier-de-reussites-et-de-progres-numerique-a188932374\/"},"wordCount":1207,"commentCount":0,"image":{"@id":"https:\/\/maitresseaurel.fr\/index.php\/2020\/06\/08\/le-cahier-de-reussites-et-de-progres-numerique-a188932374\/#primaryimage"},"thumbnailUrl":"https:\/\/maitresseaurel.fr\/wp-content\/uploads\/2020\/06\/image-1.png","articleSection":["Supports","Supports PE"],"inLanguage":"fr-FR","potentialAction":[{"@type":"CommentAction","name":"Comment","target":["https:\/\/maitresseaurel.fr\/index.php\/2020\/06\/08\/le-cahier-de-reussites-et-de-progres-numerique-a188932374\/#respond"]}]},{"@type":"WebPage","@id":"https:\/\/maitresseaurel.fr\/index.php\/2020\/06\/08\/le-cahier-de-reussites-et-de-progres-numerique-a188932374\/","url":"https:\/\/maitresseaurel.fr\/index.php\/2020\/06\/08\/le-cahier-de-reussites-et-de-progres-numerique-a188932374\/","name":"Le cahier de r&#xE9;ussites et de progr&#xE8;s num&#xE9;rique - maitresseaurel.fr","isPartOf":{"@id":"https:\/\/maitresseaurel.fr\/#website"},"primaryImageOfPage":{"@id":"https:\/\/maitresseaurel.fr\/index.php\/2020\/06\/08\/le-cahier-de-reussites-et-de-progres-numerique-a188932374\/#primaryimage"},"image":{"@id":"https:\/\/maitresseaurel.fr\/index.php\/2020\/06\/08\/le-cahier-de-reussites-et-de-progres-numerique-a188932374\/#primaryimage"},"thumbnailUrl":"https:\/\/maitresseaurel.fr\/wp-content\/uploads\/2020\/06\/image-1.png","datePublished":"2020-06-08T11:23:37+00:00","author":{"@id":"https:\/\/maitresseaurel.fr\/#\/schema\/person\/026d4273414c5652f8ec9c6e1bb5267b"},"breadcrumb":{"@id":"https:\/\/maitresseaurel.fr\/index.php\/2020\/06\/08\/le-cahier-de-reussites-et-de-progres-numerique-a188932374\/#breadcrumb"},"inLanguage":"fr-FR","potentialAction":[{"@type":"ReadAction","target":["https:\/\/maitresseaurel.fr\/index.php\/2020\/06\/08\/le-cahier-de-reussites-et-de-progres-numerique-a188932374\/"]}]},{"@type":"ImageObject","inLanguage":"fr-FR","@id":"https:\/\/maitresseaurel.fr\/index.php\/2020\/06\/08\/le-cahier-de-reussites-et-de-progres-numerique-a188932374\/#primaryimage","url":"https:\/\/maitresseaurel.fr\/wp-content\/uploads\/2020\/06\/image-1.png","contentUrl":"https:\/\/maitresseaurel.fr\/wp-content\/uploads\/2020\/06\/image-1.png","width":500,"height":350},{"@type":"BreadcrumbList","@id":"https:\/\/maitresseaurel.fr\/index.php\/2020\/06\/08\/le-cahier-de-reussites-et-de-progres-numerique-a188932374\/#breadcrumb","itemListElement":[{"@type":"ListItem","position":1,"name":"Accueil","item":"https:\/\/maitresseaurel.fr\/"},{"@type":"ListItem","position":2,"name":"Le cahier de r&#xE9;ussites et de progr&#xE8;s num&#xE9;rique"}]},{"@type":"WebSite","@id":"https:\/\/maitresseaurel.fr\/#website","url":"https:\/\/maitresseaurel.fr\/","name":"maitresseaurel.fr","description":"","potentialAction":[{"@type":"SearchAction","target":{"@type":"EntryPoint","urlTemplate":"https:\/\/maitresseaurel.fr\/?s={search_term_string}"},"query-input":{"@type":"PropertyValueSpecification","valueRequired":true,"valueName":"search_term_string"}}],"inLanguage":"fr-FR"},{"@type":"Person","@id":"https:\/\/maitresseaurel.fr\/#\/schema\/person\/026d4273414c5652f8ec9c6e1bb5267b","name":"Aur\u00e9lia","image":{"@type":"ImageObject","inLanguage":"fr-FR","@id":"https:\/\/secure.gravatar.com\/avatar\/56d026fc304d6002ba90f0747fcdd7abc5d0829042252f69e22f099af5bb00b1?s=96&d=mm&r=g","url":"https:\/\/secure.gravatar.com\/avatar\/56d026fc304d6002ba90f0747fcdd7abc5d0829042252f69e22f099af5bb00b1?s=96&d=mm&r=g","contentUrl":"https:\/\/secure.gravatar.com\/avatar\/56d026fc304d6002ba90f0747fcdd7abc5d0829042252f69e22f099af5bb00b1?s=96&d=mm&r=g","caption":"Aur\u00e9lia"},"sameAs":["https:\/\/maitresseaurel.fr","https:\/\/www.facebook.com\/maitresseaurel","https:\/\/www.instagram.com\/maitresse_aurel\/profilecard\/?igsh=MTV0ODVkeWcydXp3aQ==","https:\/\/youtube.com\/@maitresseaurel590?si=D-w3cs66VCiDUyKn"],"url":"https:\/\/maitresseaurel.fr\/index.php\/author\/webmaster_k2451fyr\/"}]}},"_links":{"self":[{"href":"https:\/\/maitresseaurel.fr\/index.php\/wp-json\/wp\/v2\/posts\/638","targetHints":{"allow":["GET"]}}],"collection":[{"href":"https:\/\/maitresseaurel.fr\/index.php\/wp-json\/wp\/v2\/posts"}],"about":[{"href":"https:\/\/maitresseaurel.fr\/index.php\/wp-json\/wp\/v2\/types\/post"}],"author":[{"embeddable":true,"href":"https:\/\/maitresseaurel.fr\/index.php\/wp-json\/wp\/v2\/users\/1"}],"replies":[{"embeddable":true,"href":"https:\/\/maitresseaurel.fr\/index.php\/wp-json\/wp\/v2\/comments?post=638"}],"version-history":[{"count":0,"href":"https:\/\/maitresseaurel.fr\/index.php\/wp-json\/wp\/v2\/posts\/638\/revisions"}],"wp:featuredmedia":[{"embeddable":true,"href":"https:\/\/maitresseaurel.fr\/index.php\/wp-json\/wp\/v2\/media\/1991"}],"wp:attachment":[{"href":"https:\/\/maitresseaurel.fr\/index.php\/wp-json\/wp\/v2\/media?parent=638"}],"wp:term":[{"taxonomy":"category","embeddable":true,"href":"https:\/\/maitresseaurel.fr\/index.php\/wp-json\/wp\/v2\/categories?post=638"},{"taxonomy":"post_tag","embeddable":true,"href":"https:\/\/maitresseaurel.fr\/index.php\/wp-json\/wp\/v2\/tags?post=638"}],"curies":[{"name":"wp","href":"https:\/\/api.w.org\/{rel}","templated":true}]}}