{"id":640,"date":"2020-05-27T18:37:38","date_gmt":"2020-05-27T18:37:38","guid":{"rendered":"https:\/\/maitresseaurel.grouik.fr\/mon-digital-planner-tout-en-1-a187862166\/"},"modified":"2020-05-27T18:37:38","modified_gmt":"2020-05-27T18:37:38","slug":"mon-digital-planner-tout-en-1-a187862166","status":"publish","type":"post","link":"https:\/\/maitresseaurel.fr\/index.php\/2020\/05\/27\/mon-digital-planner-tout-en-1-a187862166\/","title":{"rendered":"Mon Digital Planner \u00ab\u00a0Tout en 1\u00a0\u00bb"},"content":{"rendered":"\n<p>&nbsp;Remont\u00e9e d&rsquo;article paru le 1er juin 2020<\/p>\n\n\n\n<p><em>J&rsquo;ai r\u00e9cemment d\u00e9couvert gr\u00e2ce aux supers insta-coll\u00e8gues Maitresse de la for\u00eat et Les Maitresses en baskets, qu&rsquo;il \u00e9tait possible de cr\u00e9er des planner num\u00e9riques sur mesure en fonction de ce dont on a besoin, de ce qu&rsquo;on veut &#8230; Gr\u00e2ce \u00e0 leurs conseils et leurs encouragements, j&rsquo;ai os\u00e9 tenter de cr\u00e9er mon propre Digital Planner \u00ab\u00a0Tout-en-1\u00a0\u00bb.<\/em><\/p>\n\n\n\n<figure class=\"wp-block-image size-full\"><img loading=\"lazy\" decoding=\"async\" width=\"362\" height=\"254\" src=\"https:\/\/maitresseaurel.grouik.fr\/wp-content\/uploads\/2020\/05\/image.png\" alt=\"\" class=\"wp-image-1995\" srcset=\"https:\/\/maitresseaurel.fr\/wp-content\/uploads\/2020\/05\/image.png 362w, https:\/\/maitresseaurel.fr\/wp-content\/uploads\/2020\/05\/image-300x210.png 300w\" sizes=\"auto, (max-width: 362px) 100vw, 362px\" \/><\/figure>\n\n\n\n<p>Les maitresses en baskets ont publi\u00e9 il y a quelques semaines leur super <strong>Cahier de la maitresse (et du ma\u00eetre !)<\/strong> sur leur blog :<\/p>\n\n\n\n<figure class=\"wp-block-image\"><a href=\"https:\/\/maitressesenbaskets.com\/le-cahier-de-la-maitresse-et-du-maitre-2020-2021\/\"><img decoding=\"async\" src=\"https:\/\/ekladata.com\/gElxGUBgRYS0NIsnobQA7xIlLQ4@500x333.jpg\" alt=\"Mon Digital Planner &quot;Tout en 1&quot;\"\/><\/a><\/figure>\n\n\n\n<p>Maitresse de la for\u00eat, apr\u00e8s avoir pr\u00e9sent\u00e9 son iPad et son stylet il y a quelques mois, s&rsquo;est \u00e9galement concoct\u00e9 le super <strong>Digital Planner 2020-2021<\/strong> que voici :<\/p>\n\n\n\n<figure class=\"wp-block-image\"><a href=\"http:\/\/maitressedelaforet.fr\/digital-teacher-planner-2020-2021\/\"><img decoding=\"async\" src=\"https:\/\/ekladata.com\/VRnlF4egHHdqB4Lzi1Xj5QTSF4A@500x332.jpg\" alt=\"Mon Digital Planner &quot;Tout en 1&quot;\"\/><\/a><\/figure>\n\n\n\n<p>Sur leurs blogs et sur Instagram, elles expliquent parfaitement comment cr\u00e9er ce genre de planner et l&rsquo;utiliser sur iPad <em>(gr\u00e2ce \u00e0 l&rsquo;application&nbsp; payant GoodNotes)<\/em>. Je ne d\u00e9taillerai donc pas cela ici et vous renvoie directement vers leurs stories d\u00e9di\u00e9es claires et concises <a href=\"https:\/\/www.instagram.com\/stories\/highlights\/17860302136819795\/\">ICI <\/a>et <a href=\"https:\/\/www.instagram.com\/maitressedelaforet\/\">LA<\/a>.<\/p>\n\n\n\n<p>Tr\u00e8s motiv\u00e9e pour m&rsquo;en confectionner un qui me convienne mais pas suffisamment \u00e0 l&rsquo;aise avec les supports Apple que je d\u00e9couvre \u00e0 peine, je suis all\u00e9e les d\u00e9ranger<em> (un peu &#8230; beaucoup &#8230; BON OK ! Enoooooorm\u00e9ment !)<\/em> et elles ont tr\u00e8s gentiment accept\u00e9 d&rsquo;expliquer \u00e0 <em>\u00ab\u00a0mamie Aurel'\u00a0\u00bb<\/em> tous leurs \u00ab\u00a0trucs et astuces\u00a0\u00bb ce qui m&rsquo;a permis de mettre au point un support qui me plait beaucoup : <strong>un digital planer \u00ab\u00a0Tout-en-1\u00a0\u00bb !<\/strong><\/p>\n\n\n\n<p><em><strong>Mille MERCIS \u00e0 elles pour le temps et la patience qu&rsquo;elles m&rsquo;ont accord\u00e9es !<\/strong><\/em><\/p>\n\n\n\n<p><strong>Pourquoi \u00ab\u00a0Tout-en-1\u00a0\u00bb ?<\/strong><\/p>\n\n\n\n<p>J&rsquo;avais pens\u00e9 au d\u00e9part me faire \u00ab\u00a0simplement\u00a0\u00bb un carnet de suivi des \u00e9l\u00e8ves uniquement. <em>(Que j&rsquo;ai fait finalement en fait &#8230; Cela m&rsquo;a permis de d\u00e9couvrir le fonctionnement de tout le toutim. Et au final, j&rsquo;ai tellement bien compris que je suis partie dans la r\u00e9alisation du planner \u00ab\u00a0Tout-en-1\u00a0\u00bb et ce carnet de suivi ne me servira jamais &#8230; Bref&#8230; Je vous le glisse quand m\u00eame ici au cas o\u00f9 cela pourrait servir \u00e0 quelqu&rsquo;un d&rsquo;autre &#8230;).<\/em><\/p>\n\n\n\n<figure class=\"wp-block-image\"><a href=\"https:\/\/ekladata.com\/rkey8gqqIM0S2uERLYwiSAFP8vE.pdf\"><img decoding=\"async\" src=\"https:\/\/ekladata.com\/tTMYc7lBxlSBNYOXhj01h23Q7aI@500x356.png\" alt=\"Mon Digital Planner &quot;Tout en 1&quot;\"\/><\/a><\/figure>\n\n\n\n<p>Au final, j&rsquo;ai d\u00e9cid\u00e9 de me cr\u00e9er un support qui regroupe l&rsquo;ensemble des cahiers et planners que j&rsquo;utilise actuellement :<\/p>\n\n\n\n<p>&#8211; Un <strong>agenda pro et perso<\/strong> permettant d&rsquo;accueillir Cahier-journal (mais laissant apparaitre \u00e9galement le week-end car on a toujours des bricoles \u00e0 faire pour l&rsquo;\u00e9cole qui nous attendent de temps en temps sur ces jours l\u00e0 &#8230;)<\/p>\n\n\n\n<p>&#8211; Des <strong>calendriers<\/strong> (annuels et mensuels) pour g\u00e9rer plut\u00f4t ma vie perso, les rendez-vous de mes enfants, etc &#8230;<\/p>\n\n\n\n<p>&#8211; Les <strong>informations<\/strong> concernant la classe, l&rsquo;\u00e9cole, la circonscription &#8230;<\/p>\n\n\n\n<p>&#8211; L&rsquo;ensemble des <strong>fiches de suivi des \u00e9l\u00e8ves<\/strong> <em>(tant en termes de scolarit\u00e9 que d&rsquo;infos importantes en cas d&rsquo;urgence)<\/em><\/p>\n\n\n\n<p>&#8211; Les <strong>108h<\/strong><\/p>\n\n\n\n<p>&#8211; Et plein d&rsquo;autres &#8230;<\/p>\n\n\n\n<figure class=\"wp-block-image\"><a href=\"https:\/\/ekladata.com\/y0-IUQvLFB3Y6H59QRPdqbPi3BY.png\"><img decoding=\"async\" src=\"https:\/\/ekladata.com\/y0-IUQvLFB3Y6H59QRPdqbPi3BY@500x353.png\" alt=\"Mon Digital Planner &quot;Tout en 1&quot;\"\/><\/a><\/figure>\n\n\n\n<p><strong>Pourquoi partir sur un support totalement num\u00e9rique ?<\/strong><\/p>\n\n\n\n<p>Jusque l\u00e0, j&rsquo;ai souvent pens\u00e9 opter pour une <strong>organisation enti\u00e8rement num\u00e9rique<\/strong> avec comme motivation principale l&rsquo;\u00e9conomie de papier que cela engendrerait et qui stopperait ma<em> (trop grande)<\/em> participation \u00e0 la d\u00e9forestation mondiale.<\/p>\n\n\n\n<p>J&rsquo;adore avoir des outils bien structur\u00e9s et organis\u00e9s mais au final, en fin d&rsquo;ann\u00e9e, c&rsquo;est une quantit\u00e9 cons\u00e9quente de papier qui part au tri s\u00e9lectif. Et \u00e0 chaque fois, \u00e7a me vrille le ventre car je sais que c&rsquo;est de \u00ab\u00a0ma faute\u00a0\u00bb, parce que j&rsquo;ai trop eu besoin de tout ce papier pour \u00eatre plus \u00ab\u00a0zen\u00a0\u00bb au quotidien en classe, plus organis\u00e9e, etc.<\/p>\n\n\n\n<p>Je n&rsquo;avais jamais os\u00e9 sauter le pas de l&rsquo;organisation num\u00e9rique car le fait <strong>de ne pas pouvoir \u00e9crire de ma main<\/strong> me bloquait.<\/p>\n\n\n\n<p>Je sais que je retiens bien mieux les choses quand j&rsquo;\u00e9cris. Que je les oublie moins aussi (mais j&rsquo;en oublie quand m\u00eame hein &#8230; ;-p).<\/p>\n\n\n\n<p>La d\u00e9couverte des planners des coll\u00e8gues cit\u00e9es plus haut et de la possibilit\u00e9 d&rsquo;\u00e9crire sur la tablette m&rsquo;a totalement plu.<\/p>\n\n\n\n<p>Aussi, quand j&rsquo;ai re\u00e7u il y a quelques semaines, un iPad en cadeau d&rsquo;anniversaire, j&rsquo;\u00e9tais ultra contente ! <em>(Non, \u00e7a en fait c&rsquo;est pas vrai ! D&rsquo;abord j&rsquo;ai r\u00e2l\u00e9 ! Beaucoup ! Et fort ! Parce que c&rsquo;\u00e9tait cher ! Parce que c&rsquo;\u00e9tait Apple ! Parce que je ne maitrisais pas ! Puis mon mari, qui n&rsquo;a que des produits Apple contrairement \u00e0 moi, m&rsquo;a expliqu\u00e9, montr\u00e9, appris &#8230; et maintenant \u00e7a va mieux. Je suis plus \u00e0 l&rsquo;aise avec la \u00ab\u00a0b\u00eate\u00a0\u00bb et je suis rassur\u00e9e de voir que ce que j&rsquo;ai fait sur mon PC peut facilement s&rsquo;ouvrir et se g\u00e9rer sur iPad. Autrement, laisse tomber l&rsquo;investissement inutile que cela aurait \u00e9t\u00e9 ! :-o)<\/em>.<\/p>\n\n\n\n<p>J&rsquo;ai donc pris mon temps <em>(je ne saurais pas quantifier exactement ce travail en terme d&rsquo;heures mais \u00e7a m&rsquo;a pris plusieurs loooongues soir\u00e9es !)<\/em> pour cr\u00e9er le support qui me plaise et qui soit le plus complet possible.<\/p>\n\n\n\n<p>Gr\u00e2ce \u00e0 PowerPoint <em>(que je maitrise bien et avec lequel je suis \u00e0 l&rsquo;aise, m\u00eame si, au go\u00fbt de certains ce n&rsquo;est pas le plus simple, le mieux ou quoi. Peu m&rsquo;importe ! ;-p)<\/em> j&rsquo;ai cr\u00e9\u00e9 la totalit\u00e9 des pages que je voulais voir figurer dans mon planner et ins\u00e9rer les liens dans les intercalaires virtuels afin de permettre au planner d&rsquo;\u00eatre interactif.<\/p>\n\n\n\n<p>Pour vous rendre compte du r\u00e9sultat final, voici une vid\u00e9o de pr\u00e9sentation du digital planner et de son fonctionnement :<\/p>\n\n\n\n<figure class=\"wp-block-embed is-type-rich is-provider-prise-en-charge-des-contenus-embarqu-s wp-block-embed-prise-en-charge-des-contenus-embarqu-s\"><div class=\"wp-block-embed__wrapper\">\nhttps:\/\/youtube.com\/watch?v=gl9ez4Hacdg%3Ffeature%3Doembed\n<\/div><\/figure>\n\n\n\n<p><strong>Pour l&rsquo;utiliser, comment vous y prendre ?<\/strong><\/p>\n\n\n\n<p>Comme vous avez \u00e9t\u00e9 tr\u00e8s nombreux et nombreuses \u00e0 me poser gentiment la question sur Instagram, j&rsquo;ai d\u00e9cid\u00e9 de mettre ce Digital Planner \u00ab\u00a0Tout-en-1\u00a0\u00bb \u00e0 la disposition de tous sur le blog.<\/p>\n\n\n\n<p>Si vous souhaitez l&rsquo;utiliser, il vous faudra tout d&rsquo;abord, comme dit plus haut, <strong>disposer d&rsquo;une tablette \u00e9quip\u00e9e d\u2019une application de prises de notes&nbsp; et d&rsquo;un stylet<\/strong>. <em>(Sur mon iPad d&rsquo;utiliser GoodNotes. Des applications existent aussi pour Android (comme Xodo par exemple).<\/em><\/p>\n\n\n\n<p>Une fois le mat\u00e9riel pr\u00eat, il vous suffit de <strong>t\u00e9l\u00e9charger le Digital Planner \u00ab\u00a0Tout-en-1\u00a0\u00bb<\/strong> sur votre tablette et de l\u2019ouvrir dans l&rsquo;application de prise de notes dont vous disposez.<\/p>\n\n\n\n<p><strong>NB : Je ne mets \u00e0 disposition ici QUE le format PDF du Digital Planner \u00ab\u00a0Tout-en-1\u00a0\u00bb et ne compte pas diffuser le PowerPoint modifiable pour des raisons qui me sont propres et que, je pense, vous saurez comprendre.<\/strong><\/p>\n\n\n\n<p>Finalement, et contraitement \u00e0 ce que je disais il y a quelques jours en enregistrant la vid\u00e9o, j&rsquo;ai finalement pris le temps de cr\u00e9er d&rsquo;autres versions adapt\u00e9es \u00e0 chacune des zones ainsi qu&rsquo;au r\u00e9gime Alsace-Moselle.&nbsp;<em> (#teamvendredisaintferie)<\/em><\/p>\n\n\n\n<p><em>NB : Tous les calendriers proposent des semaines <strong>sans le mercredi gris\u00e9<\/strong> afin que le planner puissent convenir aux \u00e9coles travaillant ce jour-l\u00e0 aussi. \ud83d\ude09<\/em><\/p>\n\n\n\n<p><em><strong>Le planner version 2021-2022<\/strong><\/em><\/p>\n\n\n\n<p>J&rsquo;ai apport\u00e9 quelques nouveaut\u00e9s\/modifications pour cette nouvelle version du planner :<\/p>\n\n\n\n<p>&#8211; Les deux onglets \u00ab\u00a0\u00e9l\u00e8ves\u00a0\u00bb ont \u00e9t\u00e9 fusionn\u00e9s pour ne garder qu&rsquo;une seule double page par \u00e9l\u00e8ve (renseignements \u00e0 gauche et suivi scolaire \u00e0 droit).<\/p>\n\n\n\n<p>&#8211; un onglet \u00ab\u00a0Appel\u00a0\u00bb (demand\u00e9 par plusieurs coll\u00e8gues sur les r\u00e9seaux sociaux) a \u00e9t\u00e9 cr\u00e9\u00e9 afin de vous permettre de remplir votre cahier d&rsquo;appel directement dans le planner si vous le souhaitez.<\/p>\n\n\n\n<p>&#8211; Les calendriers mensuels contiennent d\u00e9sormais un lien vers la fiche d&rsquo;appel du mois mais aussi des liens pour acc\u00e9der directement \u00e0 la semaine qui vous int\u00e9resse, \u00e9vitant ainsi d&rsquo;avoir \u00e0 \u00ab\u00a0slider\u00a0\u00bb de trop nombreuses fois.<\/p>\n\n\n\n<p>Voici d\u00e9j\u00e0 les version disponibles &#8230;&nbsp;<\/p>\n\n\n\n<figure class=\"wp-block-image\"><a href=\"https:\/\/drive.google.com\/file\/d\/1SJBR3_Nz908oO8lwz8YHXyaXZZLdCRbI\/view?usp=sharing\"><img decoding=\"async\" src=\"https:\/\/ekladata.com\/HDAsETnG0Y1sLxnQkmct1qf8jCo@250x181.png\" alt=\"Mon Digital Planner &quot;Tout en 1&quot;\"\/><\/a><\/figure>\n\n\n\n<figure class=\"wp-block-image\"><a href=\"https:\/\/drive.google.com\/file\/d\/1OBpwbXYAdjB4paCyZPWV_h5jaws8X9KX\/view?usp=sharing\"><img decoding=\"async\" src=\"https:\/\/ekladata.com\/TiHViSZzC8ecCzJi-bZ8Ncjwq38@250x180.png\" alt=\"Mon Digital Planner &quot;Tout en 1&quot;\"\/><\/a><\/figure>\n\n\n\n<figure class=\"wp-block-image\"><a href=\"https:\/\/drive.google.com\/file\/d\/16MjdfLn0JlghUoNLK979UvSxAKLkSdvt\/view?usp=sharing\"><img decoding=\"async\" src=\"https:\/\/ekladata.com\/qfYIdSRvIFY4dqSCA9-Kq4E66T0@250x178.png\" alt=\"Mon Digital Planner &quot;Tout en 1&quot;\"\/><\/a><\/figure>\n\n\n\n<figure class=\"wp-block-image\"><a href=\"https:\/\/drive.google.com\/file\/d\/14oWtU-nTHTzVYBxRWOPb4exjHgnGYLg1\/view?usp=sharing\"><img decoding=\"async\" src=\"https:\/\/ekladata.com\/jOe0WF4vIz4lNOq9_9wc3RyZQAE@250x177.png\" alt=\"Mon Digital Planner &quot;Tout en 1&quot;\"\/><\/a><\/figure>\n\n\n\n<figure class=\"wp-block-image\"><a href=\"https:\/\/drive.google.com\/file\/d\/1zl8kS3m93MbW-JjtPTALoou1VX5JfPF0\/view?usp=sharing\"><img decoding=\"async\" src=\"https:\/\/ekladata.com\/bf6lAJveZnzptTUAC3zzei95c88@250x178.png\" alt=\"Mon Digital Planner &quot;Tout en 1&quot;\"\/><\/a><\/figure>\n\n\n\n<p><a href=\"https:\/\/ekladata.com\/wozyPcP6hRQc-t7vqg18vuMtI9o.png\"><\/a><\/p>\n\n\n\n<figure class=\"wp-block-image\"><a href=\"https:\/\/drive.google.com\/file\/d\/1Zp1D6zDmIQ1ogkHjic356Xw-Sf13S6Vw\/view?usp=sharing\"><img decoding=\"async\" src=\"https:\/\/ekladata.com\/wozyPcP6hRQc-t7vqg18vuMtI9o@250x179.png\" alt=\"Mon Digital Planner &quot;Tout en 1&quot;\"\/><\/a><\/figure>\n\n\n\n<figure class=\"wp-block-image\"><a href=\"https:\/\/drive.google.com\/file\/d\/1jadm3J-p2SSg-RuOzPbSqPyjO1F0_-Gb\/view?usp=sharing\"><img decoding=\"async\" src=\"https:\/\/ekladata.com\/TvVWshZYZJIAtvS2Y1g1Uv1tG4c@250x177.png\" alt=\"Mon Digital Planner &quot;Tout en 1&quot;\"\/><\/a><\/figure>\n\n\n\n<figure class=\"wp-block-image\"><a href=\"https:\/\/drive.google.com\/file\/d\/1m1iC0QE6wOz39Wrndrmkq-r8ytYS87j6\/view?usp=sharing\"><img decoding=\"async\" src=\"https:\/\/ekladata.com\/0duVLrAZUpWXE7QScw9sTlI8HHY@246x173.png\" alt=\"Mon Digital Planner &quot;Tout en 1&quot;\"\/><\/a><\/figure>\n\n\n\n<p>La version Suisse est vierge de toutes dates de vacances et de jours f\u00e9ri\u00e9s afin que chaque coll\u00e8gue puisse l&rsquo;adapter en fonction de son canton d&rsquo;exercice. Il vous suffira alors de \u00ab\u00a0fluoter\u00a0\u00bb les semaines de vacances avec l&rsquo;outil \u00ab\u00a0surligneur\u00a0\u00bb de votre application de lecture du planner. \ud83d\ude09<\/p>\n\n\n\n<figure class=\"wp-block-image\"><a href=\"https:\/\/drive.google.com\/file\/d\/14XLpJyNf3sMD9VP3lQVz5AYdazmMvcBz\/view?usp=sharing\"><img decoding=\"async\" src=\"https:\/\/ekladata.com\/DtbuWOqTlTqSbJLs8B0OMKsPu0U@250x176.png\" alt=\"Mon Digital Planner &quot;Tout en 1&quot;\"\/><\/a><\/figure>\n\n\n\n<p>Bien s\u00fbr, ce planner n&rsquo;est <strong>pas parfait <\/strong>et m\u00e9rite tr\u00e8s certainement des am\u00e9liorations. N&rsquo;h\u00e9sitez pas \u00e0 m&rsquo;en faire part si certaines vous viennent \u00e0 l&rsquo;esprit. #ensembleonvaplusloin<\/p>\n\n\n\n<p>J&rsquo;esp\u00e8re de tout c\u0153ur que cet outil pourra vous \u00eatre utile autant qu&rsquo;\u00e0 moi et que vous saurez l&rsquo;appr\u00e9cier \u00e0 la hauteur des heures de travail qu&rsquo;il aura n\u00e9cessit\u00e9.&nbsp;<\/p>\n\n\n\n<p><strong><em>Bonne d\u00e9couverte et\/ou bonne utilisation \u00e0 vous ! \ud83d\ude09<\/em><\/strong><\/p>\n","protected":false},"excerpt":{"rendered":"<p>&nbsp;Remont\u00e9e d&rsquo;article paru le 1er juin 2020 J&rsquo;ai r\u00e9cemment d\u00e9couvert gr\u00e2ce aux supers insta-coll\u00e8gues Maitresse de la for\u00eat et Les Maitresses en baskets, qu&rsquo;il \u00e9tait possible de cr\u00e9er des planner num\u00e9riques sur mesure en fonction de ce dont on a besoin, de ce qu&rsquo;on veut &#8230; Gr\u00e2ce \u00e0 leurs conseils et leurs encouragements, j&rsquo;ai os\u00e9 [&hellip;]<\/p>\n","protected":false},"author":1,"featured_media":1995,"comment_status":"open","ping_status":"open","sticky":false,"template":"","format":"standard","meta":{"footnotes":""},"categories":[23,25],"tags":[],"class_list":["post-640","post","type-post","status-publish","format-standard","has-post-thumbnail","hentry","category-supports","category-supports_enseignant"],"yoast_head":"<!-- This site is optimized with the Yoast SEO plugin v27.2 - https:\/\/yoast.com\/product\/yoast-seo-wordpress\/ -->\n<title>Mon Digital Planner &quot;Tout en 1&quot; - maitresseaurel.fr<\/title>\n<meta name=\"robots\" content=\"index, follow, max-snippet:-1, max-image-preview:large, max-video-preview:-1\" \/>\n<link rel=\"canonical\" href=\"https:\/\/maitresseaurel.fr\/index.php\/2020\/05\/27\/mon-digital-planner-tout-en-1-a187862166\/\" \/>\n<meta property=\"og:locale\" content=\"fr_FR\" \/>\n<meta property=\"og:type\" content=\"article\" \/>\n<meta property=\"og:title\" content=\"Mon Digital Planner &quot;Tout en 1&quot; - maitresseaurel.fr\" \/>\n<meta property=\"og:description\" content=\"&nbsp;Remont\u00e9e d&rsquo;article paru le 1er juin 2020 J&rsquo;ai r\u00e9cemment d\u00e9couvert gr\u00e2ce aux supers insta-coll\u00e8gues Maitresse de la for\u00eat et Les Maitresses en baskets, qu&rsquo;il \u00e9tait possible de cr\u00e9er des planner num\u00e9riques sur mesure en fonction de ce dont on a besoin, de ce qu&rsquo;on veut &#8230; Gr\u00e2ce \u00e0 leurs conseils et leurs encouragements, j&rsquo;ai os\u00e9 [&hellip;]\" \/>\n<meta property=\"og:url\" content=\"https:\/\/maitresseaurel.fr\/index.php\/2020\/05\/27\/mon-digital-planner-tout-en-1-a187862166\/\" \/>\n<meta property=\"og:site_name\" content=\"maitresseaurel.fr\" \/>\n<meta property=\"article:author\" content=\"https:\/\/www.facebook.com\/maitresseaurel\" \/>\n<meta property=\"article:published_time\" content=\"2020-05-27T18:37:38+00:00\" \/>\n<meta property=\"og:image\" content=\"https:\/\/maitresseaurel.fr\/wp-content\/uploads\/2020\/05\/image.png\" \/>\n\t<meta property=\"og:image:width\" content=\"362\" \/>\n\t<meta property=\"og:image:height\" content=\"254\" \/>\n\t<meta property=\"og:image:type\" content=\"image\/png\" \/>\n<meta name=\"author\" content=\"Aur\u00e9lia\" \/>\n<meta name=\"twitter:card\" content=\"summary_large_image\" \/>\n<meta name=\"twitter:label1\" content=\"\u00c9crit par\" \/>\n\t<meta name=\"twitter:data1\" content=\"Aur\u00e9lia\" \/>\n\t<meta name=\"twitter:label2\" content=\"Dur\u00e9e de lecture estim\u00e9e\" \/>\n\t<meta name=\"twitter:data2\" content=\"7 minutes\" \/>\n<script type=\"application\/ld+json\" class=\"yoast-schema-graph\">{\"@context\":\"https:\/\/schema.org\",\"@graph\":[{\"@type\":\"Article\",\"@id\":\"https:\/\/maitresseaurel.fr\/index.php\/2020\/05\/27\/mon-digital-planner-tout-en-1-a187862166\/#article\",\"isPartOf\":{\"@id\":\"https:\/\/maitresseaurel.fr\/index.php\/2020\/05\/27\/mon-digital-planner-tout-en-1-a187862166\/\"},\"author\":{\"name\":\"Aur\u00e9lia\",\"@id\":\"https:\/\/maitresseaurel.fr\/#\/schema\/person\/026d4273414c5652f8ec9c6e1bb5267b\"},\"headline\":\"Mon Digital Planner \u00ab\u00a0Tout en 1\u00a0\u00bb\",\"datePublished\":\"2020-05-27T18:37:38+00:00\",\"mainEntityOfPage\":{\"@id\":\"https:\/\/maitresseaurel.fr\/index.php\/2020\/05\/27\/mon-digital-planner-tout-en-1-a187862166\/\"},\"wordCount\":1428,\"commentCount\":2,\"image\":{\"@id\":\"https:\/\/maitresseaurel.fr\/index.php\/2020\/05\/27\/mon-digital-planner-tout-en-1-a187862166\/#primaryimage\"},\"thumbnailUrl\":\"https:\/\/maitresseaurel.fr\/wp-content\/uploads\/2020\/05\/image.png\",\"articleSection\":[\"Supports\",\"Supports PE\"],\"inLanguage\":\"fr-FR\",\"potentialAction\":[{\"@type\":\"CommentAction\",\"name\":\"Comment\",\"target\":[\"https:\/\/maitresseaurel.fr\/index.php\/2020\/05\/27\/mon-digital-planner-tout-en-1-a187862166\/#respond\"]}]},{\"@type\":\"WebPage\",\"@id\":\"https:\/\/maitresseaurel.fr\/index.php\/2020\/05\/27\/mon-digital-planner-tout-en-1-a187862166\/\",\"url\":\"https:\/\/maitresseaurel.fr\/index.php\/2020\/05\/27\/mon-digital-planner-tout-en-1-a187862166\/\",\"name\":\"Mon Digital Planner \\\"Tout en 1\\\" - maitresseaurel.fr\",\"isPartOf\":{\"@id\":\"https:\/\/maitresseaurel.fr\/#website\"},\"primaryImageOfPage\":{\"@id\":\"https:\/\/maitresseaurel.fr\/index.php\/2020\/05\/27\/mon-digital-planner-tout-en-1-a187862166\/#primaryimage\"},\"image\":{\"@id\":\"https:\/\/maitresseaurel.fr\/index.php\/2020\/05\/27\/mon-digital-planner-tout-en-1-a187862166\/#primaryimage\"},\"thumbnailUrl\":\"https:\/\/maitresseaurel.fr\/wp-content\/uploads\/2020\/05\/image.png\",\"datePublished\":\"2020-05-27T18:37:38+00:00\",\"author\":{\"@id\":\"https:\/\/maitresseaurel.fr\/#\/schema\/person\/026d4273414c5652f8ec9c6e1bb5267b\"},\"breadcrumb\":{\"@id\":\"https:\/\/maitresseaurel.fr\/index.php\/2020\/05\/27\/mon-digital-planner-tout-en-1-a187862166\/#breadcrumb\"},\"inLanguage\":\"fr-FR\",\"potentialAction\":[{\"@type\":\"ReadAction\",\"target\":[\"https:\/\/maitresseaurel.fr\/index.php\/2020\/05\/27\/mon-digital-planner-tout-en-1-a187862166\/\"]}]},{\"@type\":\"ImageObject\",\"inLanguage\":\"fr-FR\",\"@id\":\"https:\/\/maitresseaurel.fr\/index.php\/2020\/05\/27\/mon-digital-planner-tout-en-1-a187862166\/#primaryimage\",\"url\":\"https:\/\/maitresseaurel.fr\/wp-content\/uploads\/2020\/05\/image.png\",\"contentUrl\":\"https:\/\/maitresseaurel.fr\/wp-content\/uploads\/2020\/05\/image.png\",\"width\":362,\"height\":254},{\"@type\":\"BreadcrumbList\",\"@id\":\"https:\/\/maitresseaurel.fr\/index.php\/2020\/05\/27\/mon-digital-planner-tout-en-1-a187862166\/#breadcrumb\",\"itemListElement\":[{\"@type\":\"ListItem\",\"position\":1,\"name\":\"Accueil\",\"item\":\"https:\/\/maitresseaurel.fr\/\"},{\"@type\":\"ListItem\",\"position\":2,\"name\":\"Mon Digital Planner \u00ab\u00a0Tout en 1\u00a0\u00bb\"}]},{\"@type\":\"WebSite\",\"@id\":\"https:\/\/maitresseaurel.fr\/#website\",\"url\":\"https:\/\/maitresseaurel.fr\/\",\"name\":\"maitresseaurel.fr\",\"description\":\"\",\"potentialAction\":[{\"@type\":\"SearchAction\",\"target\":{\"@type\":\"EntryPoint\",\"urlTemplate\":\"https:\/\/maitresseaurel.fr\/?s={search_term_string}\"},\"query-input\":{\"@type\":\"PropertyValueSpecification\",\"valueRequired\":true,\"valueName\":\"search_term_string\"}}],\"inLanguage\":\"fr-FR\"},{\"@type\":\"Person\",\"@id\":\"https:\/\/maitresseaurel.fr\/#\/schema\/person\/026d4273414c5652f8ec9c6e1bb5267b\",\"name\":\"Aur\u00e9lia\",\"image\":{\"@type\":\"ImageObject\",\"inLanguage\":\"fr-FR\",\"@id\":\"https:\/\/secure.gravatar.com\/avatar\/56d026fc304d6002ba90f0747fcdd7abc5d0829042252f69e22f099af5bb00b1?s=96&d=mm&r=g\",\"url\":\"https:\/\/secure.gravatar.com\/avatar\/56d026fc304d6002ba90f0747fcdd7abc5d0829042252f69e22f099af5bb00b1?s=96&d=mm&r=g\",\"contentUrl\":\"https:\/\/secure.gravatar.com\/avatar\/56d026fc304d6002ba90f0747fcdd7abc5d0829042252f69e22f099af5bb00b1?s=96&d=mm&r=g\",\"caption\":\"Aur\u00e9lia\"},\"sameAs\":[\"https:\/\/maitresseaurel.fr\",\"https:\/\/www.facebook.com\/maitresseaurel\",\"https:\/\/www.instagram.com\/maitresse_aurel\/profilecard\/?igsh=MTV0ODVkeWcydXp3aQ==\",\"https:\/\/youtube.com\/@maitresseaurel590?si=D-w3cs66VCiDUyKn\"],\"url\":\"https:\/\/maitresseaurel.fr\/index.php\/author\/webmaster_k2451fyr\/\"}]}<\/script>\n<!-- \/ Yoast SEO plugin. -->","yoast_head_json":{"title":"Mon Digital Planner \"Tout en 1\" - maitresseaurel.fr","robots":{"index":"index","follow":"follow","max-snippet":"max-snippet:-1","max-image-preview":"max-image-preview:large","max-video-preview":"max-video-preview:-1"},"canonical":"https:\/\/maitresseaurel.fr\/index.php\/2020\/05\/27\/mon-digital-planner-tout-en-1-a187862166\/","og_locale":"fr_FR","og_type":"article","og_title":"Mon Digital Planner \"Tout en 1\" - maitresseaurel.fr","og_description":"&nbsp;Remont\u00e9e d&rsquo;article paru le 1er juin 2020 J&rsquo;ai r\u00e9cemment d\u00e9couvert gr\u00e2ce aux supers insta-coll\u00e8gues Maitresse de la for\u00eat et Les Maitresses en baskets, qu&rsquo;il \u00e9tait possible de cr\u00e9er des planner num\u00e9riques sur mesure en fonction de ce dont on a besoin, de ce qu&rsquo;on veut &#8230; Gr\u00e2ce \u00e0 leurs conseils et leurs encouragements, j&rsquo;ai os\u00e9 [&hellip;]","og_url":"https:\/\/maitresseaurel.fr\/index.php\/2020\/05\/27\/mon-digital-planner-tout-en-1-a187862166\/","og_site_name":"maitresseaurel.fr","article_author":"https:\/\/www.facebook.com\/maitresseaurel","article_published_time":"2020-05-27T18:37:38+00:00","og_image":[{"width":362,"height":254,"url":"https:\/\/maitresseaurel.fr\/wp-content\/uploads\/2020\/05\/image.png","type":"image\/png"}],"author":"Aur\u00e9lia","twitter_card":"summary_large_image","twitter_misc":{"\u00c9crit par":"Aur\u00e9lia","Dur\u00e9e de lecture estim\u00e9e":"7 minutes"},"schema":{"@context":"https:\/\/schema.org","@graph":[{"@type":"Article","@id":"https:\/\/maitresseaurel.fr\/index.php\/2020\/05\/27\/mon-digital-planner-tout-en-1-a187862166\/#article","isPartOf":{"@id":"https:\/\/maitresseaurel.fr\/index.php\/2020\/05\/27\/mon-digital-planner-tout-en-1-a187862166\/"},"author":{"name":"Aur\u00e9lia","@id":"https:\/\/maitresseaurel.fr\/#\/schema\/person\/026d4273414c5652f8ec9c6e1bb5267b"},"headline":"Mon Digital Planner \u00ab\u00a0Tout en 1\u00a0\u00bb","datePublished":"2020-05-27T18:37:38+00:00","mainEntityOfPage":{"@id":"https:\/\/maitresseaurel.fr\/index.php\/2020\/05\/27\/mon-digital-planner-tout-en-1-a187862166\/"},"wordCount":1428,"commentCount":2,"image":{"@id":"https:\/\/maitresseaurel.fr\/index.php\/2020\/05\/27\/mon-digital-planner-tout-en-1-a187862166\/#primaryimage"},"thumbnailUrl":"https:\/\/maitresseaurel.fr\/wp-content\/uploads\/2020\/05\/image.png","articleSection":["Supports","Supports PE"],"inLanguage":"fr-FR","potentialAction":[{"@type":"CommentAction","name":"Comment","target":["https:\/\/maitresseaurel.fr\/index.php\/2020\/05\/27\/mon-digital-planner-tout-en-1-a187862166\/#respond"]}]},{"@type":"WebPage","@id":"https:\/\/maitresseaurel.fr\/index.php\/2020\/05\/27\/mon-digital-planner-tout-en-1-a187862166\/","url":"https:\/\/maitresseaurel.fr\/index.php\/2020\/05\/27\/mon-digital-planner-tout-en-1-a187862166\/","name":"Mon Digital Planner \"Tout en 1\" - maitresseaurel.fr","isPartOf":{"@id":"https:\/\/maitresseaurel.fr\/#website"},"primaryImageOfPage":{"@id":"https:\/\/maitresseaurel.fr\/index.php\/2020\/05\/27\/mon-digital-planner-tout-en-1-a187862166\/#primaryimage"},"image":{"@id":"https:\/\/maitresseaurel.fr\/index.php\/2020\/05\/27\/mon-digital-planner-tout-en-1-a187862166\/#primaryimage"},"thumbnailUrl":"https:\/\/maitresseaurel.fr\/wp-content\/uploads\/2020\/05\/image.png","datePublished":"2020-05-27T18:37:38+00:00","author":{"@id":"https:\/\/maitresseaurel.fr\/#\/schema\/person\/026d4273414c5652f8ec9c6e1bb5267b"},"breadcrumb":{"@id":"https:\/\/maitresseaurel.fr\/index.php\/2020\/05\/27\/mon-digital-planner-tout-en-1-a187862166\/#breadcrumb"},"inLanguage":"fr-FR","potentialAction":[{"@type":"ReadAction","target":["https:\/\/maitresseaurel.fr\/index.php\/2020\/05\/27\/mon-digital-planner-tout-en-1-a187862166\/"]}]},{"@type":"ImageObject","inLanguage":"fr-FR","@id":"https:\/\/maitresseaurel.fr\/index.php\/2020\/05\/27\/mon-digital-planner-tout-en-1-a187862166\/#primaryimage","url":"https:\/\/maitresseaurel.fr\/wp-content\/uploads\/2020\/05\/image.png","contentUrl":"https:\/\/maitresseaurel.fr\/wp-content\/uploads\/2020\/05\/image.png","width":362,"height":254},{"@type":"BreadcrumbList","@id":"https:\/\/maitresseaurel.fr\/index.php\/2020\/05\/27\/mon-digital-planner-tout-en-1-a187862166\/#breadcrumb","itemListElement":[{"@type":"ListItem","position":1,"name":"Accueil","item":"https:\/\/maitresseaurel.fr\/"},{"@type":"ListItem","position":2,"name":"Mon Digital Planner \u00ab\u00a0Tout en 1\u00a0\u00bb"}]},{"@type":"WebSite","@id":"https:\/\/maitresseaurel.fr\/#website","url":"https:\/\/maitresseaurel.fr\/","name":"maitresseaurel.fr","description":"","potentialAction":[{"@type":"SearchAction","target":{"@type":"EntryPoint","urlTemplate":"https:\/\/maitresseaurel.fr\/?s={search_term_string}"},"query-input":{"@type":"PropertyValueSpecification","valueRequired":true,"valueName":"search_term_string"}}],"inLanguage":"fr-FR"},{"@type":"Person","@id":"https:\/\/maitresseaurel.fr\/#\/schema\/person\/026d4273414c5652f8ec9c6e1bb5267b","name":"Aur\u00e9lia","image":{"@type":"ImageObject","inLanguage":"fr-FR","@id":"https:\/\/secure.gravatar.com\/avatar\/56d026fc304d6002ba90f0747fcdd7abc5d0829042252f69e22f099af5bb00b1?s=96&d=mm&r=g","url":"https:\/\/secure.gravatar.com\/avatar\/56d026fc304d6002ba90f0747fcdd7abc5d0829042252f69e22f099af5bb00b1?s=96&d=mm&r=g","contentUrl":"https:\/\/secure.gravatar.com\/avatar\/56d026fc304d6002ba90f0747fcdd7abc5d0829042252f69e22f099af5bb00b1?s=96&d=mm&r=g","caption":"Aur\u00e9lia"},"sameAs":["https:\/\/maitresseaurel.fr","https:\/\/www.facebook.com\/maitresseaurel","https:\/\/www.instagram.com\/maitresse_aurel\/profilecard\/?igsh=MTV0ODVkeWcydXp3aQ==","https:\/\/youtube.com\/@maitresseaurel590?si=D-w3cs66VCiDUyKn"],"url":"https:\/\/maitresseaurel.fr\/index.php\/author\/webmaster_k2451fyr\/"}]}},"_links":{"self":[{"href":"https:\/\/maitresseaurel.fr\/index.php\/wp-json\/wp\/v2\/posts\/640","targetHints":{"allow":["GET"]}}],"collection":[{"href":"https:\/\/maitresseaurel.fr\/index.php\/wp-json\/wp\/v2\/posts"}],"about":[{"href":"https:\/\/maitresseaurel.fr\/index.php\/wp-json\/wp\/v2\/types\/post"}],"author":[{"embeddable":true,"href":"https:\/\/maitresseaurel.fr\/index.php\/wp-json\/wp\/v2\/users\/1"}],"replies":[{"embeddable":true,"href":"https:\/\/maitresseaurel.fr\/index.php\/wp-json\/wp\/v2\/comments?post=640"}],"version-history":[{"count":0,"href":"https:\/\/maitresseaurel.fr\/index.php\/wp-json\/wp\/v2\/posts\/640\/revisions"}],"wp:featuredmedia":[{"embeddable":true,"href":"https:\/\/maitresseaurel.fr\/index.php\/wp-json\/wp\/v2\/media\/1995"}],"wp:attachment":[{"href":"https:\/\/maitresseaurel.fr\/index.php\/wp-json\/wp\/v2\/media?parent=640"}],"wp:term":[{"taxonomy":"category","embeddable":true,"href":"https:\/\/maitresseaurel.fr\/index.php\/wp-json\/wp\/v2\/categories?post=640"},{"taxonomy":"post_tag","embeddable":true,"href":"https:\/\/maitresseaurel.fr\/index.php\/wp-json\/wp\/v2\/tags?post=640"}],"curies":[{"name":"wp","href":"https:\/\/api.w.org\/{rel}","templated":true}]}}