{"id":730,"date":"2019-01-05T13:42:45","date_gmt":"2019-01-05T13:42:45","guid":{"rendered":"https:\/\/maitresseaurel.grouik.fr\/maitresse-maman-et-gestion-du-temps-a157480504\/"},"modified":"2019-01-05T13:42:45","modified_gmt":"2019-01-05T13:42:45","slug":"maitresse-maman-et-gestion-du-temps-a157480504","status":"publish","type":"post","link":"https:\/\/maitresseaurel.fr\/index.php\/2019\/01\/05\/maitresse-maman-et-gestion-du-temps-a157480504\/","title":{"rendered":"Maitresse, maman et gestion du temps"},"content":{"rendered":"\n<p><em>Je re\u00e7ois r\u00e9guli\u00e8rement des messages me demandant comment je fais pour g\u00e9rer vie priv\u00e9e et vie professionnelle de front. Voici quelques petites pistes de mon organisation qui, je l&rsquo;esp\u00e8re, vous permettront d&rsquo;y voir plus clair ou m\u00eame de vous aider \u00e0 \u00e9tablir la votre. \ud83d\ude09<\/em><\/p>\n\n\n\n<p>Il est d\u00e9j\u00e0 important de noter que tout ce qui va suivre est <strong>loin d&rsquo;\u00eatre nouveau, r\u00e9volutionnaire ou je ne sais quoi encore<\/strong> car :<\/p>\n\n\n\n<p>&#8211; d&rsquo;une part, <strong>je suis loin d&rsquo;\u00eatre la premi\u00e8re maitresse-maman <\/strong>de l&rsquo;histoire de l&rsquo;enseignement \ud83d\ude09<\/p>\n\n\n\n<p>&#8211; d&rsquo;autre part, <strong>c&rsquo;est une organisation que je sais fr\u00e9quente pour beaucoup d&rsquo;autres PE<\/strong>, dont ma super coll\u00e8gue&nbsp;<a href=\"http:\/\/maitressesev.eklablog.com\/comment-s-organiser-pour-ne-pas-etre-trop-deborde-e-a156504894\">Maitresse Sev.<\/a><\/p>\n\n\n\n<p>&nbsp;Autre pr\u00e9cision \u00e0 prendre en compte : j&rsquo;ai une classe de CP dans une \u00e9cole en semaine de 4 jours \u00e0 20 minutes de chez moi. Les pr\u00e9parations et corrections qui sont les miennes et qui seront \u00e9voqu\u00e9es ci-apr\u00e8s seront donc diff\u00e9rentes des v\u00f4tres selon votre niveau car il est certains que les corrections d&rsquo;une classe de CM2 par exemple sont plus importantes en terme de temps et de quantit\u00e9 a la vue des programmes du minist\u00e8re. \ud83d\ude09<\/p>\n\n\n\n<p><strong>De l&rsquo;\u00e9tudiante \u00e0 la maitresse d&rsquo;\u00e9cole &#8230; Du c\u00e9libat \u00e0 la vie de famille &#8230;<\/strong><\/p>\n\n\n\n<p>Quand j&rsquo;ai commenc\u00e9 \u00e0 enseigner, <strong>je passais des heures \u00e0 pr\u00e9parer mes cours jusque tard dans la nuit.<\/strong><\/p>\n\n\n\n<p>C&rsquo;\u00e9tait pour moi <strong>normal<\/strong> de passer autant de temps dans mes pr\u00e9parations : je d\u00e9butais, donc je ne connaissais pas toutes les cl\u00e9s du m\u00e9tier, les petits trucs et astuces pour s&rsquo;organiser vite, anticiper &#8230; Je devais fournir un travail consid\u00e9rable pour t\u00e9moigner de mon s\u00e9rieux et de ma r\u00e9flexion pour construire des enseignements efficaces. Bref, je devais faire mes preuves non seulement aupr\u00e8s de mes \u00e9l\u00e8ves et de leur famille mais \u00e9galement aupr\u00e8s de ma hi\u00e9rarchie qui venait visiter ma classe chaque mois <em>(en PES en tous cas ;-)).<\/em><\/p>\n\n\n\n<p>Pr\u00e9cision : Cela ne veut pas dire que je suis moins s\u00e9rieuse aujourd&rsquo;hui. J&rsquo;ai juste plus d&rsquo;exp\u00e9rience. Et, y a pas \u00e0 dire, \u00e7a aide \u00e0 augmenter mon temps de sommeil. \ud83d\ude09<\/p>\n\n\n\n<p>Puis le temps a pass\u00e9. <strong>Le contact du terrain et les diff\u00e9rentes exp\u00e9riences professionnelles<\/strong> (plus de d\u00e9tails <a href=\"http:\/\/maitresseaurel.eklablog.com\/devenir-pe-histoire-s-d-un-debut-de-carriere-a147891032\">ici<\/a>) aidants, j&rsquo;ai modifi\u00e9 petit \u00e0 petit mon organisation histoire de conserver malgr\u00e9 tout une vie sociale sympa. \ud83d\ude09<\/p>\n\n\n\n<p>Et puis un jour, j&rsquo;ai rencontr\u00e9 celui qui est devenu depuis mon mari. Lui qui pensait que la vie avec une enseignante allait \u00eatre<strong> \u00ab\u00a0tranquille\u00a0\u00bb<\/strong> parce qu&rsquo;elle a <strong>\u00ab\u00a0plein de vacances\u00a0\u00bb<\/strong> <em>(comment lui en vouloir quand la majorit\u00e9 des gens l&rsquo;affirment sans savoir ?)<\/em> a vite <strong>d\u00e9chant\u00e9<\/strong> en d\u00e9couvrant mes temps de pr\u00e9paration, de correction, de saisie de comp\u00e9tences, de remplissage des livrets &#8230; <em>(Courage \u00e0 celui qui osera critiquer mon m\u00e9tier \u00ab\u00a0tranquille\u00a0\u00bb en sa pr\u00e9sence d\u00e9sormais &#8230; ;-D).<\/em><\/p>\n\n\n\n<p>Bien qu<strong>&lsquo;il m&rsquo;aide encore aujourd&rsquo;hui dans de nombreuses t\u00e2ches sans r\u00e2ler<\/strong><em> (SCOOP : non seulement on travaille VRAIMENT, en-dehors de nos heures devant les \u00e9l\u00e8ves, mais en plus notre famille est mise \u00e0 contribution. PS : Merci ch\u00e9ri pour les \u00e9vals nationales malgr\u00e9 la fatigue de tes gardes casern\u00e9es. &lt;3.)<\/em>, j&rsquo;ai rapidement compris que si je voulais pouvoir avoir une r\u00e9elle vie personnelle, j&rsquo;allais devoir vite m&rsquo;organiser pour que ma vie professionnelle empi\u00e8te le moins possible dessus.<\/p>\n\n\n\n<p>Et cela s&rsquo;est finalement fait assez simplement gr\u00e2ce \u00e0 ceux qui m&rsquo;offrent les meilleurs moments de ma vie : mes deux merveilleux enfants <em>(en toute objectivit\u00e9 bien entendu ! ;-p). <\/em>Avec moins de 19 mois d&rsquo;\u00e9cart entre eux deux, plus que du sport, ma vie de famille rel\u00e8ve parfois du parcours du combattant. <em>(J&rsquo;en profite pour transmettre tout mon respect aux familles de plus de deux enfants ! Quand je vois mon \u00e9tat de fatigue avec 2, franchement &#8230; Chapeau bas !).<\/em><\/p>\n\n\n\n<p>Si beaucoup se disent <strong>\u00ab\u00a0Apr\u00e8s le travail, place \u00e0 la vie de famille !\u00a0\u00bb<\/strong>, parce que leur travail se termine vraiment \u00e0 leur retour chez eux, \u00e9tant donn\u00e9 mon m\u00e9tier, je vois les choses diff\u00e9remment.<\/p>\n\n\n\n<p>La premi\u00e8re chose que j&rsquo;ai faite pour pouvoir m\u00ealer vie perso et vie pro au mieux a \u00e9t\u00e9 de <strong>me d\u00e9finir des priorit\u00e9s<\/strong>. <strong>UNE priorit\u00e9<\/strong> en fait.<\/p>\n\n\n\n<p>Ma famille !<\/p>\n\n\n\n<p>C&rsquo;est ma seule priorit\u00e9 ! Elle est toujours en t\u00eate de toutes mes \u00ab\u00a0to-do lists\u00a0\u00bb. Et m\u00eame bien au-del\u00e0 de tout le reste.<\/p>\n\n\n\n<p>Certes j&rsquo;ai toujours voulu \u00eatre maitresse mais j&rsquo;ai, m\u00eame avant cela,<strong> toujours voulu \u00eatre \u00ab\u00a0maman\u00a0\u00bb<\/strong>. J&rsquo;ai pu le devenir ce qui n&rsquo;est pas le cas de toutes les femmes <em>(pens\u00e9e \u00e0 toutes celles qui se battent pour devenir maman \u00e0 leur tour, que je les connaissent ou pas. Je vous souhaite sinc\u00e8rement de pouvoir un jour conna\u00eetre ce bonheur indescriptible &lt;3)<\/em>. Je sais donc <strong>quelle est ma chance et je compte bien en profiter au maximum<\/strong>.<\/p>\n\n\n\n<p>Malheureusement, fixer une priorit\u00e9 ne suffit effectivement pas dans notre m\u00e9tier. <strong>\u00ab\u00a0Apr\u00e8s l&rsquo;heure, ce n&rsquo;est plus l&rsquo;heure.\u00a0\u00bb<\/strong> En terme de travail \u00e0 faire, c\u2019est le cas de bon nombre de m\u00e9tiers mais pas vraiment de celui d\u2019enseignant.<\/p>\n\n\n\n<p>En g\u00e9n\u00e9ral, apr\u00e8s <strong>les heures \u00ab&nbsp;officielles&nbsp;\u00bb<\/strong><em> (c\u2019est-\u00e0-dire les heures de pr\u00e9sence devant les \u00e9l\u00e8ves que beaucoup consid\u00e8rent comme notre unique acte de \u00ab\u00a0travail\u00a0\u00bb)<\/em>, il y a <strong>les heures de travail que j&rsquo;appelle \u00ab&nbsp;invisibles&nbsp;\u00bb<\/strong> comme les corrections et les pr\u00e9parations. Cela repr\u00e9sente un temps de travail consid\u00e9rable qui n\u2019est donc pas fait en classe mais bien souvent chez soi, \u00e0 la maison <em>(NB : N\u2019en d\u00e9plaise \u00e0 certains, ceci n\u2019est pas une complainte. C\u2019est un fait ! On travaille pour nos \u00e9l\u00e8ves m\u00eame quand ils ne sont pas l\u00e0 et m\u00eame si cela ne fait pas partie des heures pour lesquelles nous sommes r\u00e9mun\u00e9r\u00e9s. Si on se limitait vraiment \u00e0 ne faire que les \u00ab\u00a0heures officielles\u00a0\u00bb, les enfants n&rsquo;auraient ni apprentissages ni bulletins. L\u00e0 encore, ce n&rsquo;est pas une complainte, c&rsquo;est un fait.)<\/em>.<\/p>\n\n\n\n<p><strong>Le temps pass\u00e9 \u00e0 l&rsquo;\u00e9cole<\/strong><\/p>\n\n\n\n<p>J\u2019essaye donc de <strong>les r\u00e9aliser au maximum quand je suis \u00e0 l\u2019\u00e9cole et que je n\u2019ai pas \u00e0 enseigner.<\/strong> <strong>J&rsquo;utilise avec soin chaque minute et temps-libre<\/strong> avant l&rsquo;arriv\u00e9e de mes \u00e9l\u00e8ves le matin, chaque r\u00e9cr\u00e9ation o\u00f9 je ne suis pas de surveillance, chaque pause m\u00e9ridienne &#8230; pour pr\u00e9parer mes cours et r\u00e9aliser les corrections.<\/p>\n\n\n\n<p>J&rsquo;utilise \u00e9galement beaucoup l&rsquo;ordinateur et des logiciels que je ma\u00eetrise tr\u00e8s bien. Ainsi je sais pr\u00e9cis\u00e9ment quoi faire pour r\u00e9aliser mes supports. Utiliser des outils dont on a l&rsquo;habitude a un poids consid\u00e9rable dans la gestion de son temps de travail. Les secondes peuvent vite devenir des minutes gagn\u00e9es. \ud83d\ude09<\/p>\n\n\n\n<p>Ce fonctionnement a l\u2019avantage de <strong>ne pas faire trop empi\u00e9ter mon m\u00e9tier sur ma vie de famille<\/strong> en pr\u00e9servant par exemple mon mercredi et mes week-ends mais a l\u2019inconv\u00e9nient de <strong>ne pas offrir de r\u00e9elle \u00ab&nbsp;pause-d\u00e9tente\u00bb dans la journ\u00e9e<\/strong>. <em>(J\u2019y trouve personnellement mon compte. Charge \u00e0 chacun de voir ce qui lui convient. ;-))<\/em><\/p>\n\n\n\n<p>Voici donc <strong>un petit semainier<\/strong> pour vous permettre de visualiser facilement comment j&rsquo;utilise mes temps-libres \u00e0 l&rsquo;\u00e9cole.<\/p>\n\n\n\n<p><em>J&rsquo;ai volontairement retirer le mercredi, le samedi et le dimanche car je les garde pour ma vie de famille et mes autres \u00ab\u00a0t\u00e2ches invisibles\u00a0\u00bb dont on ne doit pas prononcer le nom (repass&#8230;&#8230;, m\u00e9n&#8230;.., lessiv&#8230;.. etc. C&rsquo;est finalement celles-ci que j&rsquo;aime le moins m\u00eame si mon mari et mes enfants font leur part. ;-)).<\/em><\/p>\n\n\n\n<figure class=\"wp-block-image size-full\"><img loading=\"lazy\" decoding=\"async\" width=\"757\" height=\"429\" src=\"https:\/\/maitresseaurel.grouik.fr\/wp-content\/uploads\/2019\/01\/image-2.png\" alt=\"\" class=\"wp-image-2194\" srcset=\"https:\/\/maitresseaurel.fr\/wp-content\/uploads\/2019\/01\/image-2.png 757w, https:\/\/maitresseaurel.fr\/wp-content\/uploads\/2019\/01\/image-2-300x170.png 300w\" sizes=\"auto, (max-width: 757px) 100vw, 757px\" \/><\/figure>\n\n\n\n<p><strong>Un levier de l&rsquo;organisation : l&rsquo;anticipation<\/strong><\/p>\n\n\n\n<p>Si cette organisation me permet d&rsquo;<strong>organiser ma pratique de classe<\/strong>, les journ\u00e9es ne font malheureusement qui 24 heures pour tout le monde <em>(Et c&rsquo;est incroyable que personne n&rsquo;envisage de changer cela ! Ce serait quand m\u00eame la solution \u00e0 tous nos probl\u00e8mes non ?! ;-p)<\/em>. e<\/p>\n\n\n\n<p>Le \u00ab\u00a0temps-libres\u00a0\u00bb \u00e0 l&rsquo;\u00e9cole ne m&rsquo;offrent pas assez de temps pour r\u00e9aliser toutes les \u00ab\u00a0t\u00e2ches invisibles\u00a0\u00bb. En effet, sur cet emploi du temps on voit les pr\u00e9parations, les corrections mais pas la mise en forme des <strong>programmations, des progressions et des autres joyeuset\u00e9s de ce genre<\/strong> que chaque enseignant se doit de r\u00e9aliser pour \u00e9tablir son enseignement <strong>\u00e0 plus long terme<\/strong>.&nbsp;Du coup, comme les journ\u00e9es ne font que 24h et que j&rsquo;ai (je cite) <em>\u00ab\u00a0beaucoup de vacances\u00a0\u00bb<\/em>, je mets au maximum cet autre type de \u00ab\u00a0temps-libre\u00a0\u00bb \u00e0 profit pour anticiper au maximum mes pr\u00e9parations.<\/p>\n\n\n\n<p>Mais l\u00e0 encore, <strong>ma famille passe en priorit\u00e9 !<\/strong> Durant les vacances, je travaille durant des temps tr\u00e8s particuliers durant lesquels mes enfants dorment (siestes, matin\u00e9es, soir\u00e9es). Ils sont encore petits tous les deux et font de bonnes siestes en d\u00e9but d&rsquo;apr\u00e8s-midi. C&rsquo;est l\u00e0 que j&rsquo;arrive \u00e0 travailler le plus pour l&rsquo;\u00e9cole. Quand ils ne dorment pas, j&rsquo;en profite ! On joue, on sort, on s&rsquo;occupe de la maison &#8230; Bref, on vit tous les 3 ensemble en attendant que papa rentre du travail ou de la caserne. Ensuite, c&rsquo;est un peu diff\u00e9rent parce qu&rsquo;on profite \u00e0 4 ce qui est bien mieux encore !<\/p>\n\n\n\n<p>&nbsp;Mon organisation changera tr\u00e8s certainement au fur et \u00e0 mesure que mes enfants grandiront, que les temps de siestes disparaitront petit \u00e0 petit, que les activit\u00e9s extra-scolaires prendront plus de place dans l&#8217;emploi du temps familial. Je vous referai certainement un point \u00ab\u00a0organisation\u00a0\u00bb \u00e0 ce moment-l\u00e0<em> (mais ce sera s\u00fbrement plus sur le ton de la d\u00e9tresse, du d\u00e9sespoir et de l&rsquo;appel \u00e0 l&rsquo;aide que sur celui du partage. ;-p)<\/em><\/p>\n\n\n\n<p>Voici donc <strong>un petit tableau <\/strong>synth\u00e9tisant mes TO-DO LISTS de vacances.<\/p>\n\n\n\n<figure class=\"wp-block-image\"><img decoding=\"async\" src=\"https:\/\/ekladata.com\/4CTT61HtO4GKwpGXgLxIJqmegLA@725x409.png\" alt=\"Maitresse et maman : optimiser son temps de travail pour se pr\u00e9server \"\/><\/figure>\n\n\n\n<p>Je travaille personnellement surtout durant le mois de <strong>juillet<\/strong> et <strong>la premi\u00e8re semaine de chacune des petites vacances<\/strong>, tant que mon esprit est encore dans une dynamique de travail importante. Je profite ensuite sereinement de mon mois d\u2019ao\u00fbt ou de la deuxi\u00e8me semaine des petites vacances pour me reposer <em>(en tous cas j\u2019essaye ;-))<\/em>. D\u2019autres personnes pr\u00e9f\u00e8rent faire l\u2019inverse afin de faire une r\u00e9elle coupure au d\u00e9but des vacances scolaires pour bien se reposer avant de se plonger dans la suite. A chacun de voir ce qui lui convient le mieux. \ud83d\ude09<\/p>\n\n\n\n<p><strong>En cas d&rsquo;impr\u00e9vus ?<\/strong><\/p>\n\n\n\n<p>\u00c9videmment, si tout se passait tout le temps sans encombres, ce serait parfait !<\/p>\n\n\n\n<p>Malheureusement, <strong>les impr\u00e9vus existent et sont bien plus fr\u00e9quents qu\u2019on ne le croit.<\/strong> Ils mettent parfois (<em>souvent<\/em>) \u00e0 mal cette organisation qui me convient et que j\u2019affectionne.<\/p>\n\n\n\n<p>Aussi, quand un impr\u00e9vu survient, qu\u2019il soit professionnel ou personnel, je mets alors toute l\u2019organisation pr\u00e9c\u00e9demment d\u00e9crite en \u00ab&nbsp;<strong>pause&nbsp;<\/strong>\u00bb. Je g\u00e8re l\u2019impr\u00e9vu en priorit\u00e9 <em>(surtout s\u2019il concerne mes enfants !)<\/em> et je reprends mon organisation par la suite, telle qu\u2019elle est d\u00e9crite dans cet article et dans ces images ou en lui apportant quelques modifications.<\/p>\n\n\n\n<p>Comme je le disais, <strong>je base toute mon organisation sur un planning qui exclut les mercredis et les week-ends<\/strong>. Ces temps libres me sont donc <strong>toujours disponibles en cas de besoin pour rattraper un retard<\/strong> d\u00fb \u00e0 un impr\u00e9vu. J\u2019utilise alors ces jours-l\u00e0, les temps de siestes de mes enfants et les soir\u00e9es dont je peux disposer pour travailler.<\/p>\n\n\n\n<p><strong>Et si cela ne suffit pas ?<\/strong><\/p>\n\n\n\n<p>Alors tant pis !<\/p>\n\n\n\n<p>Tout ne sera pas fait enti\u00e8rement. Tout ne sera sans doute pas parfait<em> (l&rsquo;est-ce vraiment d&rsquo;habitude au final ?)<\/em>. Et alors ?<\/p>\n\n\n\n<p>J\u2019estime que ma famille a plus besoin de moi que ma classe n\u2019a besoin d\u2019un cahier-journal ultra d\u00e9taill\u00e9.<\/p>\n\n\n\n<p>L\u2019anciennet\u00e9 et l\u2019exp\u00e9rience aidant, je sais que je parviendrai \u00e0 m\u2019en sortir si tout n\u2019est pas \u00ab&nbsp;au point&nbsp;\u00bb \u00e0 chaque minute et un programme griffon\u00e9 rapidement dans l&rsquo;agenda saura me suffire pour guider ma journ\u00e9e de travail. \ud83d\ude09<\/p>\n\n\n\n<p><strong>Et le blog dans tous \u00e7a ?<\/strong><\/p>\n\n\n\n<p>Effectivement, le blog ne fait ni partie de mon organisation hebdomadaire ni de celle des vacances. C&rsquo;est simplement parce que le blog passe vraiment apr\u00e8s tout le reste. On peut facilement dire que c&rsquo;est la derni\u00e8re roue de la charrette ! Disons que c&rsquo;est un loisir professionnel. \ud83d\ude09<\/p>\n\n\n\n<p>Je l&rsquo;alimente <strong>quand j&rsquo;en ai le temps mais aussi l&rsquo;envie<\/strong>. Si je n&rsquo;ai pas l&rsquo;un, l&rsquo;autre ou les deux, je n&rsquo;\u00e9cris rien. C&rsquo;est pourquoi il est parfois \u00ab\u00a0inactif\u00a0\u00bb de longues semaines ou que je publie plusieurs articles en quelques jours. \ud83d\ude09<\/p>\n\n\n\n<p>Je suis donc d\u00e9sol\u00e9e mais, m\u00eame si j&rsquo;adore partager et \u00e9changer ici avec vous, je dois me montrer honn\u00eate en vous avouant que le blog ne fait pas partie de mes priorit\u00e9s. Je ne peux vous accorder qu&rsquo;un temps occasionnel. \ud83d\ude09<\/p>\n\n\n\n<p>&nbsp;Cet article m&rsquo;avait \u00e9t\u00e9 demand\u00e9 durant mon sondage des derni\u00e8res vacances par plusieurs futures\/jeunes mamans PE.<\/p>\n\n\n\n<p>J&rsquo;esp\u00e8re qu&rsquo;elles y trouveront des r\u00e9ponses \u00e0 leurs questions.<\/p>\n\n\n\n<p>Je voulais encore prendre quelques lignes pour leur adresser deux petits conseils tr\u00e8s personnels :<\/p>\n\n\n\n<p>Le premier est de toujours voir le verre \u00e0 moiti\u00e9 plein plut\u00f4t qu&rsquo;\u00e0 moiti\u00e9 vide. Nous&nbsp; exer\u00e7ons un m\u00e9tier particulier, avec une nombres de \u00ab\u00a0t\u00e2ches invisibles\u00a0\u00bb important mais, soyons honn\u00eates, il nous offre beaucoup de temps aupr\u00e8s de nos familles, ce qui n&rsquo;est pas le cas de la majorit\u00e9 des m\u00e9tiers, ce qui n&rsquo;a d&rsquo;ailleurs pas pu \u00eatre toujours le cas dans nos familles. Un petit \u00ab\u00a0flashback\u00a0\u00bb permet r\u00e9guli\u00e8rement de se rappeler comment nos parents ont eux-m\u00eames g\u00e9rer leurs propres vies professionnelle et familiale, en d&rsquo;autres temps et avec d&rsquo;autres moyens.<\/p>\n\n\n\n<p>C&rsquo;est pourquoi, par respect pour eux, je r\u00e9fl\u00e9chis toujours \u00e0 deux fois avant de lever la fronde pour revendiquer des choses. \ud83d\ude09&nbsp;<\/p>\n\n\n\n<p>Mon dernier conseil sera le suivant :<\/p>\n\n\n\n<p>Profitez au maximum de vos si petits bouts de choux car le temps va passer \u00e0 une vitesse monstrueuse \u00e0 pr\u00e9sent.<\/p>\n\n\n\n<p>Je suis certaine que tout le monde doit vous le dire et que, comme moi il y a quelques ann\u00e9es, vous vous dites : \u00ab\u00a0Mais ils sont p\u00e9nibles \u00e0 me dire tous \u00e7a !\u00a0\u00bb.&nbsp;<\/p>\n\n\n\n<p>Mais dans quelques ann\u00e9es (que dis-je ! Dans quelques mois !), vous marquerez une pause dans votre quotidien.&nbsp;<\/p>\n\n\n\n<p>Vous prendrez le temps de regarder (d&rsquo;admirer) vos (anciens) b\u00e9b\u00e9s devenus petits gar\u00e7ons et petites filles et vous repenserez \u00e0 ces p\u00e9nibles, \u00e0 moi, et vous vous direz :<\/p>\n\n\n\n<p>\u00ab\u00a0Mince alors ! Je n&rsquo;ai rien vu filer. Ils avaient raison en fait !\u00a0\u00bb.<\/p>\n\n\n\n<p>Ce jour-l\u00e0, promettez-moi de ne pas d\u00e9primer (m\u00eame si ce sera dur). Rassurez-vous en repensant aux bons moments v\u00e9cus avec votre \u00ab\u00a0petit\u00a0\u00bb et songez \u00e0 tous les autres qui arriveront quand il sera devenu \u00ab\u00a0grand\u00a0\u00bb car chaque \u00e2ge \u00e0 ses hauts et ses bas, chaque \u00e2ge \u00e0 ses bons et ses mauvais moments mais, surtout, chaque \u00e2ge renforcera votre amour pour celui qui restera, \u00e0 jamais, votre \u00ab\u00a0b\u00e9b\u00e9\u00a0\u00bb. Ne laissez pas le temps ou le m\u00e9tier vous faire perdre de vue l&rsquo;essentiel, VOTRE essentiel. &lt;3<\/p>\n\n\n\n<p>Sur ces mots, mes essentiels se r\u00e9veillent. Je vous laisse. A bient\u00f4t !<\/p>\n","protected":false},"excerpt":{"rendered":"<p>Je re\u00e7ois r\u00e9guli\u00e8rement des messages me demandant comment je fais pour g\u00e9rer vie priv\u00e9e et vie professionnelle de front. Voici quelques petites pistes de mon organisation qui, je l&rsquo;esp\u00e8re, vous permettront d&rsquo;y voir plus clair ou m\u00eame de vous aider \u00e0 \u00e9tablir la votre. \ud83d\ude09 Il est d\u00e9j\u00e0 important de noter que tout ce qui [&hellip;]<\/p>\n","protected":false},"author":1,"featured_media":2194,"comment_status":"open","ping_status":"open","sticky":false,"template":"","format":"standard","meta":{"footnotes":""},"categories":[19],"tags":[],"class_list":["post-730","post","type-post","status-publish","format-standard","has-post-thumbnail","hentry","category-accueil-du-site"],"yoast_head":"<!-- This site is optimized with the Yoast SEO plugin v27.2 - https:\/\/yoast.com\/product\/yoast-seo-wordpress\/ -->\n<title>Maitresse, maman et gestion du temps - maitresseaurel.fr<\/title>\n<meta name=\"robots\" content=\"index, follow, max-snippet:-1, max-image-preview:large, max-video-preview:-1\" \/>\n<link rel=\"canonical\" href=\"https:\/\/maitresseaurel.fr\/index.php\/2019\/01\/05\/maitresse-maman-et-gestion-du-temps-a157480504\/\" \/>\n<meta property=\"og:locale\" content=\"fr_FR\" \/>\n<meta property=\"og:type\" content=\"article\" \/>\n<meta property=\"og:title\" content=\"Maitresse, maman et gestion du temps - maitresseaurel.fr\" \/>\n<meta property=\"og:description\" content=\"Je re\u00e7ois r\u00e9guli\u00e8rement des messages me demandant comment je fais pour g\u00e9rer vie priv\u00e9e et vie professionnelle de front. Voici quelques petites pistes de mon organisation qui, je l&rsquo;esp\u00e8re, vous permettront d&rsquo;y voir plus clair ou m\u00eame de vous aider \u00e0 \u00e9tablir la votre. \ud83d\ude09 Il est d\u00e9j\u00e0 important de noter que tout ce qui [&hellip;]\" \/>\n<meta property=\"og:url\" content=\"https:\/\/maitresseaurel.fr\/index.php\/2019\/01\/05\/maitresse-maman-et-gestion-du-temps-a157480504\/\" \/>\n<meta property=\"og:site_name\" content=\"maitresseaurel.fr\" \/>\n<meta property=\"article:author\" content=\"https:\/\/www.facebook.com\/maitresseaurel\" \/>\n<meta property=\"article:published_time\" content=\"2019-01-05T13:42:45+00:00\" \/>\n<meta property=\"og:image\" content=\"https:\/\/maitresseaurel.fr\/wp-content\/uploads\/2019\/01\/image-2.png\" \/>\n\t<meta property=\"og:image:width\" content=\"757\" \/>\n\t<meta property=\"og:image:height\" content=\"429\" \/>\n\t<meta property=\"og:image:type\" content=\"image\/png\" \/>\n<meta name=\"author\" content=\"Aur\u00e9lia\" \/>\n<meta name=\"twitter:card\" content=\"summary_large_image\" \/>\n<meta name=\"twitter:label1\" content=\"\u00c9crit par\" \/>\n\t<meta name=\"twitter:data1\" content=\"Aur\u00e9lia\" \/>\n\t<meta name=\"twitter:label2\" content=\"Dur\u00e9e de lecture estim\u00e9e\" \/>\n\t<meta name=\"twitter:data2\" content=\"13 minutes\" \/>\n<script type=\"application\/ld+json\" class=\"yoast-schema-graph\">{\"@context\":\"https:\/\/schema.org\",\"@graph\":[{\"@type\":\"Article\",\"@id\":\"https:\/\/maitresseaurel.fr\/index.php\/2019\/01\/05\/maitresse-maman-et-gestion-du-temps-a157480504\/#article\",\"isPartOf\":{\"@id\":\"https:\/\/maitresseaurel.fr\/index.php\/2019\/01\/05\/maitresse-maman-et-gestion-du-temps-a157480504\/\"},\"author\":{\"name\":\"Aur\u00e9lia\",\"@id\":\"https:\/\/maitresseaurel.fr\/#\/schema\/person\/026d4273414c5652f8ec9c6e1bb5267b\"},\"headline\":\"Maitresse, maman et gestion du temps\",\"datePublished\":\"2019-01-05T13:42:45+00:00\",\"mainEntityOfPage\":{\"@id\":\"https:\/\/maitresseaurel.fr\/index.php\/2019\/01\/05\/maitresse-maman-et-gestion-du-temps-a157480504\/\"},\"wordCount\":2615,\"commentCount\":0,\"image\":{\"@id\":\"https:\/\/maitresseaurel.fr\/index.php\/2019\/01\/05\/maitresse-maman-et-gestion-du-temps-a157480504\/#primaryimage\"},\"thumbnailUrl\":\"https:\/\/maitresseaurel.fr\/wp-content\/uploads\/2019\/01\/image-2.png\",\"articleSection\":[\"PE mais pas que ...\"],\"inLanguage\":\"fr-FR\",\"potentialAction\":[{\"@type\":\"CommentAction\",\"name\":\"Comment\",\"target\":[\"https:\/\/maitresseaurel.fr\/index.php\/2019\/01\/05\/maitresse-maman-et-gestion-du-temps-a157480504\/#respond\"]}]},{\"@type\":\"WebPage\",\"@id\":\"https:\/\/maitresseaurel.fr\/index.php\/2019\/01\/05\/maitresse-maman-et-gestion-du-temps-a157480504\/\",\"url\":\"https:\/\/maitresseaurel.fr\/index.php\/2019\/01\/05\/maitresse-maman-et-gestion-du-temps-a157480504\/\",\"name\":\"Maitresse, maman et gestion du temps - maitresseaurel.fr\",\"isPartOf\":{\"@id\":\"https:\/\/maitresseaurel.fr\/#website\"},\"primaryImageOfPage\":{\"@id\":\"https:\/\/maitresseaurel.fr\/index.php\/2019\/01\/05\/maitresse-maman-et-gestion-du-temps-a157480504\/#primaryimage\"},\"image\":{\"@id\":\"https:\/\/maitresseaurel.fr\/index.php\/2019\/01\/05\/maitresse-maman-et-gestion-du-temps-a157480504\/#primaryimage\"},\"thumbnailUrl\":\"https:\/\/maitresseaurel.fr\/wp-content\/uploads\/2019\/01\/image-2.png\",\"datePublished\":\"2019-01-05T13:42:45+00:00\",\"author\":{\"@id\":\"https:\/\/maitresseaurel.fr\/#\/schema\/person\/026d4273414c5652f8ec9c6e1bb5267b\"},\"breadcrumb\":{\"@id\":\"https:\/\/maitresseaurel.fr\/index.php\/2019\/01\/05\/maitresse-maman-et-gestion-du-temps-a157480504\/#breadcrumb\"},\"inLanguage\":\"fr-FR\",\"potentialAction\":[{\"@type\":\"ReadAction\",\"target\":[\"https:\/\/maitresseaurel.fr\/index.php\/2019\/01\/05\/maitresse-maman-et-gestion-du-temps-a157480504\/\"]}]},{\"@type\":\"ImageObject\",\"inLanguage\":\"fr-FR\",\"@id\":\"https:\/\/maitresseaurel.fr\/index.php\/2019\/01\/05\/maitresse-maman-et-gestion-du-temps-a157480504\/#primaryimage\",\"url\":\"https:\/\/maitresseaurel.fr\/wp-content\/uploads\/2019\/01\/image-2.png\",\"contentUrl\":\"https:\/\/maitresseaurel.fr\/wp-content\/uploads\/2019\/01\/image-2.png\",\"width\":757,\"height\":429},{\"@type\":\"BreadcrumbList\",\"@id\":\"https:\/\/maitresseaurel.fr\/index.php\/2019\/01\/05\/maitresse-maman-et-gestion-du-temps-a157480504\/#breadcrumb\",\"itemListElement\":[{\"@type\":\"ListItem\",\"position\":1,\"name\":\"Accueil\",\"item\":\"https:\/\/maitresseaurel.fr\/\"},{\"@type\":\"ListItem\",\"position\":2,\"name\":\"Maitresse, maman et gestion du temps\"}]},{\"@type\":\"WebSite\",\"@id\":\"https:\/\/maitresseaurel.fr\/#website\",\"url\":\"https:\/\/maitresseaurel.fr\/\",\"name\":\"maitresseaurel.fr\",\"description\":\"\",\"potentialAction\":[{\"@type\":\"SearchAction\",\"target\":{\"@type\":\"EntryPoint\",\"urlTemplate\":\"https:\/\/maitresseaurel.fr\/?s={search_term_string}\"},\"query-input\":{\"@type\":\"PropertyValueSpecification\",\"valueRequired\":true,\"valueName\":\"search_term_string\"}}],\"inLanguage\":\"fr-FR\"},{\"@type\":\"Person\",\"@id\":\"https:\/\/maitresseaurel.fr\/#\/schema\/person\/026d4273414c5652f8ec9c6e1bb5267b\",\"name\":\"Aur\u00e9lia\",\"image\":{\"@type\":\"ImageObject\",\"inLanguage\":\"fr-FR\",\"@id\":\"https:\/\/secure.gravatar.com\/avatar\/56d026fc304d6002ba90f0747fcdd7abc5d0829042252f69e22f099af5bb00b1?s=96&d=mm&r=g\",\"url\":\"https:\/\/secure.gravatar.com\/avatar\/56d026fc304d6002ba90f0747fcdd7abc5d0829042252f69e22f099af5bb00b1?s=96&d=mm&r=g\",\"contentUrl\":\"https:\/\/secure.gravatar.com\/avatar\/56d026fc304d6002ba90f0747fcdd7abc5d0829042252f69e22f099af5bb00b1?s=96&d=mm&r=g\",\"caption\":\"Aur\u00e9lia\"},\"sameAs\":[\"https:\/\/maitresseaurel.fr\",\"https:\/\/www.facebook.com\/maitresseaurel\",\"https:\/\/www.instagram.com\/maitresse_aurel\/profilecard\/?igsh=MTV0ODVkeWcydXp3aQ==\",\"https:\/\/youtube.com\/@maitresseaurel590?si=D-w3cs66VCiDUyKn\"],\"url\":\"https:\/\/maitresseaurel.fr\/index.php\/author\/webmaster_k2451fyr\/\"}]}<\/script>\n<!-- \/ Yoast SEO plugin. -->","yoast_head_json":{"title":"Maitresse, maman et gestion du temps - maitresseaurel.fr","robots":{"index":"index","follow":"follow","max-snippet":"max-snippet:-1","max-image-preview":"max-image-preview:large","max-video-preview":"max-video-preview:-1"},"canonical":"https:\/\/maitresseaurel.fr\/index.php\/2019\/01\/05\/maitresse-maman-et-gestion-du-temps-a157480504\/","og_locale":"fr_FR","og_type":"article","og_title":"Maitresse, maman et gestion du temps - maitresseaurel.fr","og_description":"Je re\u00e7ois r\u00e9guli\u00e8rement des messages me demandant comment je fais pour g\u00e9rer vie priv\u00e9e et vie professionnelle de front. Voici quelques petites pistes de mon organisation qui, je l&rsquo;esp\u00e8re, vous permettront d&rsquo;y voir plus clair ou m\u00eame de vous aider \u00e0 \u00e9tablir la votre. \ud83d\ude09 Il est d\u00e9j\u00e0 important de noter que tout ce qui [&hellip;]","og_url":"https:\/\/maitresseaurel.fr\/index.php\/2019\/01\/05\/maitresse-maman-et-gestion-du-temps-a157480504\/","og_site_name":"maitresseaurel.fr","article_author":"https:\/\/www.facebook.com\/maitresseaurel","article_published_time":"2019-01-05T13:42:45+00:00","og_image":[{"width":757,"height":429,"url":"https:\/\/maitresseaurel.fr\/wp-content\/uploads\/2019\/01\/image-2.png","type":"image\/png"}],"author":"Aur\u00e9lia","twitter_card":"summary_large_image","twitter_misc":{"\u00c9crit par":"Aur\u00e9lia","Dur\u00e9e de lecture estim\u00e9e":"13 minutes"},"schema":{"@context":"https:\/\/schema.org","@graph":[{"@type":"Article","@id":"https:\/\/maitresseaurel.fr\/index.php\/2019\/01\/05\/maitresse-maman-et-gestion-du-temps-a157480504\/#article","isPartOf":{"@id":"https:\/\/maitresseaurel.fr\/index.php\/2019\/01\/05\/maitresse-maman-et-gestion-du-temps-a157480504\/"},"author":{"name":"Aur\u00e9lia","@id":"https:\/\/maitresseaurel.fr\/#\/schema\/person\/026d4273414c5652f8ec9c6e1bb5267b"},"headline":"Maitresse, maman et gestion du temps","datePublished":"2019-01-05T13:42:45+00:00","mainEntityOfPage":{"@id":"https:\/\/maitresseaurel.fr\/index.php\/2019\/01\/05\/maitresse-maman-et-gestion-du-temps-a157480504\/"},"wordCount":2615,"commentCount":0,"image":{"@id":"https:\/\/maitresseaurel.fr\/index.php\/2019\/01\/05\/maitresse-maman-et-gestion-du-temps-a157480504\/#primaryimage"},"thumbnailUrl":"https:\/\/maitresseaurel.fr\/wp-content\/uploads\/2019\/01\/image-2.png","articleSection":["PE mais pas que ..."],"inLanguage":"fr-FR","potentialAction":[{"@type":"CommentAction","name":"Comment","target":["https:\/\/maitresseaurel.fr\/index.php\/2019\/01\/05\/maitresse-maman-et-gestion-du-temps-a157480504\/#respond"]}]},{"@type":"WebPage","@id":"https:\/\/maitresseaurel.fr\/index.php\/2019\/01\/05\/maitresse-maman-et-gestion-du-temps-a157480504\/","url":"https:\/\/maitresseaurel.fr\/index.php\/2019\/01\/05\/maitresse-maman-et-gestion-du-temps-a157480504\/","name":"Maitresse, maman et gestion du temps - maitresseaurel.fr","isPartOf":{"@id":"https:\/\/maitresseaurel.fr\/#website"},"primaryImageOfPage":{"@id":"https:\/\/maitresseaurel.fr\/index.php\/2019\/01\/05\/maitresse-maman-et-gestion-du-temps-a157480504\/#primaryimage"},"image":{"@id":"https:\/\/maitresseaurel.fr\/index.php\/2019\/01\/05\/maitresse-maman-et-gestion-du-temps-a157480504\/#primaryimage"},"thumbnailUrl":"https:\/\/maitresseaurel.fr\/wp-content\/uploads\/2019\/01\/image-2.png","datePublished":"2019-01-05T13:42:45+00:00","author":{"@id":"https:\/\/maitresseaurel.fr\/#\/schema\/person\/026d4273414c5652f8ec9c6e1bb5267b"},"breadcrumb":{"@id":"https:\/\/maitresseaurel.fr\/index.php\/2019\/01\/05\/maitresse-maman-et-gestion-du-temps-a157480504\/#breadcrumb"},"inLanguage":"fr-FR","potentialAction":[{"@type":"ReadAction","target":["https:\/\/maitresseaurel.fr\/index.php\/2019\/01\/05\/maitresse-maman-et-gestion-du-temps-a157480504\/"]}]},{"@type":"ImageObject","inLanguage":"fr-FR","@id":"https:\/\/maitresseaurel.fr\/index.php\/2019\/01\/05\/maitresse-maman-et-gestion-du-temps-a157480504\/#primaryimage","url":"https:\/\/maitresseaurel.fr\/wp-content\/uploads\/2019\/01\/image-2.png","contentUrl":"https:\/\/maitresseaurel.fr\/wp-content\/uploads\/2019\/01\/image-2.png","width":757,"height":429},{"@type":"BreadcrumbList","@id":"https:\/\/maitresseaurel.fr\/index.php\/2019\/01\/05\/maitresse-maman-et-gestion-du-temps-a157480504\/#breadcrumb","itemListElement":[{"@type":"ListItem","position":1,"name":"Accueil","item":"https:\/\/maitresseaurel.fr\/"},{"@type":"ListItem","position":2,"name":"Maitresse, maman et gestion du temps"}]},{"@type":"WebSite","@id":"https:\/\/maitresseaurel.fr\/#website","url":"https:\/\/maitresseaurel.fr\/","name":"maitresseaurel.fr","description":"","potentialAction":[{"@type":"SearchAction","target":{"@type":"EntryPoint","urlTemplate":"https:\/\/maitresseaurel.fr\/?s={search_term_string}"},"query-input":{"@type":"PropertyValueSpecification","valueRequired":true,"valueName":"search_term_string"}}],"inLanguage":"fr-FR"},{"@type":"Person","@id":"https:\/\/maitresseaurel.fr\/#\/schema\/person\/026d4273414c5652f8ec9c6e1bb5267b","name":"Aur\u00e9lia","image":{"@type":"ImageObject","inLanguage":"fr-FR","@id":"https:\/\/secure.gravatar.com\/avatar\/56d026fc304d6002ba90f0747fcdd7abc5d0829042252f69e22f099af5bb00b1?s=96&d=mm&r=g","url":"https:\/\/secure.gravatar.com\/avatar\/56d026fc304d6002ba90f0747fcdd7abc5d0829042252f69e22f099af5bb00b1?s=96&d=mm&r=g","contentUrl":"https:\/\/secure.gravatar.com\/avatar\/56d026fc304d6002ba90f0747fcdd7abc5d0829042252f69e22f099af5bb00b1?s=96&d=mm&r=g","caption":"Aur\u00e9lia"},"sameAs":["https:\/\/maitresseaurel.fr","https:\/\/www.facebook.com\/maitresseaurel","https:\/\/www.instagram.com\/maitresse_aurel\/profilecard\/?igsh=MTV0ODVkeWcydXp3aQ==","https:\/\/youtube.com\/@maitresseaurel590?si=D-w3cs66VCiDUyKn"],"url":"https:\/\/maitresseaurel.fr\/index.php\/author\/webmaster_k2451fyr\/"}]}},"_links":{"self":[{"href":"https:\/\/maitresseaurel.fr\/index.php\/wp-json\/wp\/v2\/posts\/730","targetHints":{"allow":["GET"]}}],"collection":[{"href":"https:\/\/maitresseaurel.fr\/index.php\/wp-json\/wp\/v2\/posts"}],"about":[{"href":"https:\/\/maitresseaurel.fr\/index.php\/wp-json\/wp\/v2\/types\/post"}],"author":[{"embeddable":true,"href":"https:\/\/maitresseaurel.fr\/index.php\/wp-json\/wp\/v2\/users\/1"}],"replies":[{"embeddable":true,"href":"https:\/\/maitresseaurel.fr\/index.php\/wp-json\/wp\/v2\/comments?post=730"}],"version-history":[{"count":0,"href":"https:\/\/maitresseaurel.fr\/index.php\/wp-json\/wp\/v2\/posts\/730\/revisions"}],"wp:featuredmedia":[{"embeddable":true,"href":"https:\/\/maitresseaurel.fr\/index.php\/wp-json\/wp\/v2\/media\/2194"}],"wp:attachment":[{"href":"https:\/\/maitresseaurel.fr\/index.php\/wp-json\/wp\/v2\/media?parent=730"}],"wp:term":[{"taxonomy":"category","embeddable":true,"href":"https:\/\/maitresseaurel.fr\/index.php\/wp-json\/wp\/v2\/categories?post=730"},{"taxonomy":"post_tag","embeddable":true,"href":"https:\/\/maitresseaurel.fr\/index.php\/wp-json\/wp\/v2\/tags?post=730"}],"curies":[{"name":"wp","href":"https:\/\/api.w.org\/{rel}","templated":true}]}}