{"id":762,"date":"2018-08-08T13:08:55","date_gmt":"2018-08-08T13:08:55","guid":{"rendered":"https:\/\/maitresseaurel.grouik.fr\/corriger-positif-avec-les-compteurs-de-la-reussite-a147408572\/"},"modified":"2018-08-08T13:08:55","modified_gmt":"2018-08-08T13:08:55","slug":"corriger-positif-avec-les-compteurs-de-la-reussite-a147408572","status":"publish","type":"post","link":"https:\/\/maitresseaurel.fr\/index.php\/2018\/08\/08\/corriger-positif-avec-les-compteurs-de-la-reussite-a147408572\/","title":{"rendered":"Corriger \u00ab\u00a0positif\u00a0\u00bb avec les compteurs de la r&#xE9;ussite"},"content":{"rendered":"\n<p><em>J&rsquo;ai d\u00e9couvert durant mes vacances un outil de correction positive qui devrait vous plaire ! \ud83d\ude42<\/em><\/p>\n\n\n\n<p>La correction a encore trop souvent une<strong> connotation n\u00e9gative<\/strong> pour une raison tr\u00e8s simple :<\/p>\n\n\n\n<p>sanctionner les fautes \u00e9tant plus facile et rapide \u00e0 r\u00e9aliser que de mettre en avant les r\u00e9ussites, la correction reste pour beaucoup de gens le moment o\u00f9 \u00ab\u00a0<em>on barre tout ce qui ne va pas<\/em>\u00a0\u00bb !<\/p>\n\n\n\n<p>Mais comme <strong>il n&rsquo;y a pas de probl\u00e8me, seulement des solutions<\/strong>, en voil\u00e0 une qui devrait en motiver plus d&rsquo;un \u00e0 tenter l&rsquo;exp\u00e9rience <em>(si ce n&rsquo;est d\u00e9j\u00e0 fait bien s\u00fbr ! ;-))<\/em>.<\/p>\n\n\n\n<p>J&rsquo;ai d\u00e9couvert via Ulule, la campagne lanc\u00e9e par deux coll\u00e8gues enseignants ayant mis au point des compteurs de r\u00e9ussite pour \u00e9valuer positivement les dict\u00e9es. <em>Leur campagne a d\u00e9j\u00e0 atteint l&rsquo;objectif fix\u00e9 mais si vous souhaitez encore y participer, c&rsquo;est possible ! ;-).<\/em><\/p>\n\n\n\n<p><strong><em>Les compteurs de la r\u00e9ussite, qu&rsquo;est ce que c&rsquo;est ?<\/em><\/strong><\/p>\n\n\n\n<p>Ce sont des cercles<strong> \u00e0 l&rsquo;image des compteurs kilom\u00e9triques<\/strong> pr\u00e9sents sur les tableaux de bord de nos voitures.<\/p>\n\n\n\n<p>Chaque compteur peut monter jusqu&rsquo;\u00e0 un<strong> nombre de mots maximum<\/strong> (qui est celui de la dict\u00e9e effectu\u00e9e). L&rsquo;enseignante (ou l&rsquo;\u00e9l\u00e8ve !) marque sur le compteur le <strong>nombre de mots justes<\/strong> et il suffit alors de <strong>lire le pourcentage de r\u00e9ussite.<\/strong><\/p>\n\n\n\n<figure class=\"wp-block-image\"><img decoding=\"async\" src=\"https:\/\/ekladata.com\/ZZ_9l2NTS972MEZlNp3q1WHrEqg@660x374.png\" alt=\"Les compteurs de la r\u00e9ussite\"\/><\/figure>\n\n\n\n<p>Mais c&rsquo;est encore Ingrid et Mohammad, leurs cr\u00e9ateurs, qui vous en parleront le mieux et avec tous les d\u00e9tails n\u00e9cessaires !<\/p>\n\n\n\n<p><em>(cliquez sur l&rsquo;image pour acc\u00e9der \u00e0 la pr\u00e9sentation des Compteurs de la r\u00e9ussite.)<\/em><\/p>\n\n\n\n<figure class=\"wp-block-image size-full\"><img loading=\"lazy\" decoding=\"async\" width=\"490\" height=\"276\" src=\"https:\/\/maitresseaurel.grouik.fr\/wp-content\/uploads\/2018\/08\/image-5.png\" alt=\"\" class=\"wp-image-2269\" srcset=\"https:\/\/maitresseaurel.fr\/wp-content\/uploads\/2018\/08\/image-5.png 490w, https:\/\/maitresseaurel.fr\/wp-content\/uploads\/2018\/08\/image-5-300x169.png 300w\" sizes=\"auto, (max-width: 490px) 100vw, 490px\" \/><\/figure>\n\n\n\n<p>Pour beaucoup d&rsquo;entre vous, <strong>ce principe ne sera sans doute pas \u00ab\u00a0r\u00e9volutionnaire\u00a0\u00bb<\/strong> car il consiste \u00e0 attribuer \u00e0 chaque dict\u00e9e, non plus un nombre d&rsquo;erreurs faites mais un pourcentage de r\u00e9ussite !<\/p>\n\n\n\n<p>Beaucoup le font certainement d\u00e9j\u00e0 depuis longtemps cependant, chacun sera aussi et s\u00fbrement d&rsquo;accord pour dire<\/p>\n\n\n\n<p>que cela n\u00e9cessite du <strong>temps<\/strong> &#8230; <strong>beaucoup de temps<\/strong> &#8230; <strong>trop de temps !<\/strong><\/p>\n\n\n\n<p><em>Quand arrive l&rsquo;heure de la correction, il faut sortir la calculatrice et recherche le pourcentage de r\u00e9ussite de chaque dict\u00e9e, pour chaque \u00e9l\u00e8ve !!<\/em><\/p>\n\n\n\n<p>Tous ces calculs n&rsquo;\u00e9tant pas r\u00e9alisables par les \u00e9l\u00e8ves eux-m\u00eames, l&rsquo;enseignant doit donc s&rsquo;armer de patience pour corriger toutes ces dict\u00e9es positivement. Cela explique aussi pourquoi <strong>beaucoup d&rsquo;enseignants sont parfois d\u00e9courag\u00e9s <\/strong>par la charge de travail que la correction positive demande et privil\u00e9gie donc la correction \u00ab\u00a0par nombre d&rsquo;erreurs\u00a0\u00bb !<\/p>\n\n\n\n<p><em><strong>Et c&rsquo;est justement pour \u00e9viter ce d\u00e9couragement que les compteurs de la r\u00e9ussite ont \u00e9t\u00e9 cr\u00e9\u00e9s :<\/strong><\/em><\/p>\n\n\n\n<p>&#8211; ils permettent de <strong>corriger tr\u00e8s rapidement toutes les dict\u00e9es de 5 \u00e0 130 mots<\/strong> <em>(ce qui correspond \u00e0 l&rsquo;\u00e9preuve de dict\u00e9e du brevet des coll\u00e8ges)<\/em>, simplement \u00e0 l&rsquo;aide d&rsquo;un compteur, d&rsquo;un crayon et d&rsquo;une r\u00e8gle !<\/p>\n\n\n\n<p>&#8211; ils donnent \u00e0 l&rsquo;\u00e9l\u00e8ve la <strong>possibilit\u00e9 de se corriger lui-m\u00eame<\/strong>, simplement en comptant les mots justes de sa dict\u00e9e !<\/p>\n\n\n\n<p>&#8211; ils offrent un <strong>r\u00e9sultat plus visuel<\/strong> de la performance de l&rsquo;\u00e9l\u00e8ve et \u00e0 l&rsquo;\u00e9l\u00e8ve !<\/p>\n\n\n\n<p><em>La volont\u00e9 des compteurs de la r\u00e9ussite est donc de rendre vraiment l&rsquo;\u00e9l\u00e8ve acteur de sa correction, de r\u00e9aliser une r\u00e9tro-action sur sa performance mais aussi de mieux percevoir sa performance.<\/em><\/p>\n\n\n\n<p>Si cet outil a \u00e9t\u00e9 pens\u00e9 prioritairement pour la correction des dict\u00e9es, <strong>les compteurs sont tout \u00e0 fait transposables dans d&rsquo;autres disciplines, d&rsquo;autres exercices &#8230;<\/strong><\/p>\n\n\n\n<p>Il suffit de conna\u00eetre le nombre de r\u00e9sultats attendus et le nombre de r\u00e9sultats corrects ! On tire le trait sur le compteur et on lit le pourcentage de r\u00e9ussite !<\/p>\n\n\n\n<p>Les compteurs seront, apr\u00e8s publication, sur <strong>support num\u00e9rique imprimable<\/strong> afin de pouvoir \u00eatre coll\u00e9s dans les cahiers des \u00e9l\u00e8ves et permettre l&rsquo;auto-\u00e9valuation. Il en existera <strong>plusieurs mod\u00e8les correspondants<\/strong> aux nombres de mots contenus das les dict\u00e9es qui pourront \u00eatre faites par les \u00e9l\u00e8ves.<\/p>\n\n\n\n<figure class=\"wp-block-image\"><a href=\"https:\/\/ekladata.com\/gLHMrgZrvApDLRh3jSR6O5hytMs.png\"><img decoding=\"async\" src=\"https:\/\/ekladata.com\/gLHMrgZrvApDLRh3jSR6O5hytMs@150x150.png\" alt=\"Les compteurs de la r\u00e9ussite\"\/><\/a><\/figure>\n\n\n\n<figure class=\"wp-block-image\"><a href=\"https:\/\/ekladata.com\/iP4GxYjYihEphfaJC9E-9nt7slQ.png\"><img decoding=\"async\" src=\"https:\/\/ekladata.com\/iP4GxYjYihEphfaJC9E-9nt7slQ@150x150.png\" alt=\"Les compteurs de la r\u00e9ussite\"\/><\/a><\/figure>\n\n\n\n<figure class=\"wp-block-image\"><a href=\"https:\/\/ekladata.com\/ljQMC_f5gloQOBdMrHGbhPil_xg.png\"><img decoding=\"async\" src=\"https:\/\/ekladata.com\/ljQMC_f5gloQOBdMrHGbhPil_xg@150x150.png\" alt=\"Les compteurs de la r\u00e9ussite\"\/><\/a><\/figure>\n\n\n\n<figure class=\"wp-block-image\"><a href=\"https:\/\/ekladata.com\/QVnRLXJCJ6qx5plZua4kI-9n4Dg.png\"><img decoding=\"async\" src=\"https:\/\/ekladata.com\/QVnRLXJCJ6qx5plZua4kI-9n4Dg@150x150.png\" alt=\"Les compteurs de la r\u00e9ussite\"\/><\/a><\/figure>\n\n\n\n<figure class=\"wp-block-image\"><a href=\"https:\/\/ekladata.com\/x0eYYuBCSxK3ZHV0yTG2v5yyEQE.png\"><img decoding=\"async\" src=\"https:\/\/ekladata.com\/x0eYYuBCSxK3ZHV0yTG2v5yyEQE@150x150.png\" alt=\"Les compteurs de la r\u00e9ussite\"\/><\/a><\/figure>\n\n\n\n<p><em>Petite r\u00e9flexion perso &#8230;<\/em><\/p>\n\n\n\n<p>Je vous avoue que je redoute un peu la phase <em>\u00ab\u00a0coloriage &#8211; collage\u00a0\u00bb<\/em> pour mes petits CP car elle leur demande beaucoup de temps et de concentration, surtout en d\u00e9but d&rsquo;ann\u00e9e, ce qui ne serait peut-\u00eatre pas un gain de temps suffisamment grand pour moi<em> (au d\u00e9part en tous cas).<\/em><\/p>\n\n\n\n<p>L&rsquo;id\u00e9al <em>(mais cela n&rsquo;engage que moi bien s\u00fbr)<\/em> serait un principe de <em>\u00ab\u00a0compteur-tampon\u00a0\u00bb<\/em> : on tamponne le compteur directement sur le cahier ou la feuille de l&rsquo;\u00e9l\u00e8ve, au bas de l&rsquo;exercice, on trace le trait et on lit le pourcentage. De cette fa\u00e7on on \u00e9viterait aussi de coller du papier sur du papier \ud83d\ude09<\/p>\n\n\n\n<p>Cela n&rsquo;est qu&rsquo;une r\u00e9flexion de ma part et reste pour l&rsquo;instant \u00e0 l&rsquo;\u00e9tat d&rsquo;id\u00e9e (dans ma t\u00eate en chantier permanent) mais comme on dit :<\/p>\n\n\n\n<p><strong>\u00ab\u00a0l&rsquo;espoir fait vivre\u00a0\u00bb !<\/strong><\/p>\n\n\n\n<p><em>(Ce qui fait de moi une immortelle ! mouahaha !).<\/em><\/p>\n\n\n\n<p><em>L&rsquo;id\u00e9e a \u00e9t\u00e9 soumise. Il reste \u00e0 la creuser ! \ud83d\ude09<\/em><\/p>\n","protected":false},"excerpt":{"rendered":"<p>J&rsquo;ai d\u00e9couvert durant mes vacances un outil de correction positive qui devrait vous plaire ! \ud83d\ude42 La correction a encore trop souvent une connotation n\u00e9gative pour une raison tr\u00e8s simple : sanctionner les fautes \u00e9tant plus facile et rapide \u00e0 r\u00e9aliser que de mettre en avant les r\u00e9ussites, la correction reste pour beaucoup de gens [&hellip;]<\/p>\n","protected":false},"author":1,"featured_media":2269,"comment_status":"open","ping_status":"open","sticky":false,"template":"","format":"standard","meta":{"footnotes":""},"categories":[3,23,25],"tags":[],"class_list":["post-762","post","type-post","status-publish","format-standard","has-post-thumbnail","hentry","category-differenciation","category-supports","category-supports_enseignant"],"yoast_head":"<!-- This site is optimized with the Yoast SEO plugin v27.2 - https:\/\/yoast.com\/product\/yoast-seo-wordpress\/ -->\n<title>Corriger &quot;positif&quot; avec les compteurs de la r&#xE9;ussite - maitresseaurel.fr<\/title>\n<meta name=\"robots\" content=\"index, follow, max-snippet:-1, max-image-preview:large, max-video-preview:-1\" \/>\n<link rel=\"canonical\" href=\"https:\/\/maitresseaurel.fr\/index.php\/2018\/08\/08\/corriger-positif-avec-les-compteurs-de-la-reussite-a147408572\/\" \/>\n<meta property=\"og:locale\" content=\"fr_FR\" \/>\n<meta property=\"og:type\" content=\"article\" \/>\n<meta property=\"og:title\" content=\"Corriger &quot;positif&quot; avec les compteurs de la r&#xE9;ussite - maitresseaurel.fr\" \/>\n<meta property=\"og:description\" content=\"J&rsquo;ai d\u00e9couvert durant mes vacances un outil de correction positive qui devrait vous plaire ! \ud83d\ude42 La correction a encore trop souvent une connotation n\u00e9gative pour une raison tr\u00e8s simple : sanctionner les fautes \u00e9tant plus facile et rapide \u00e0 r\u00e9aliser que de mettre en avant les r\u00e9ussites, la correction reste pour beaucoup de gens [&hellip;]\" \/>\n<meta property=\"og:url\" content=\"https:\/\/maitresseaurel.fr\/index.php\/2018\/08\/08\/corriger-positif-avec-les-compteurs-de-la-reussite-a147408572\/\" \/>\n<meta property=\"og:site_name\" content=\"maitresseaurel.fr\" \/>\n<meta property=\"article:author\" content=\"https:\/\/www.facebook.com\/maitresseaurel\" \/>\n<meta property=\"article:published_time\" content=\"2018-08-08T13:08:55+00:00\" \/>\n<meta property=\"og:image\" content=\"https:\/\/ekladata.com\/ZZ_9l2NTS972MEZlNp3q1WHrEqg@660x374.png\" \/>\n<meta name=\"author\" content=\"Aur\u00e9lia\" \/>\n<meta name=\"twitter:card\" content=\"summary_large_image\" \/>\n<meta name=\"twitter:label1\" content=\"\u00c9crit par\" \/>\n\t<meta name=\"twitter:data1\" content=\"Aur\u00e9lia\" \/>\n\t<meta name=\"twitter:label2\" content=\"Dur\u00e9e de lecture estim\u00e9e\" \/>\n\t<meta name=\"twitter:data2\" content=\"4 minutes\" \/>\n<script type=\"application\/ld+json\" class=\"yoast-schema-graph\">{\"@context\":\"https:\/\/schema.org\",\"@graph\":[{\"@type\":\"Article\",\"@id\":\"https:\/\/maitresseaurel.fr\/index.php\/2018\/08\/08\/corriger-positif-avec-les-compteurs-de-la-reussite-a147408572\/#article\",\"isPartOf\":{\"@id\":\"https:\/\/maitresseaurel.fr\/index.php\/2018\/08\/08\/corriger-positif-avec-les-compteurs-de-la-reussite-a147408572\/\"},\"author\":{\"name\":\"Aur\u00e9lia\",\"@id\":\"https:\/\/maitresseaurel.fr\/#\/schema\/person\/026d4273414c5652f8ec9c6e1bb5267b\"},\"headline\":\"Corriger \u00ab\u00a0positif\u00a0\u00bb avec les compteurs de la r&#xE9;ussite\",\"datePublished\":\"2018-08-08T13:08:55+00:00\",\"mainEntityOfPage\":{\"@id\":\"https:\/\/maitresseaurel.fr\/index.php\/2018\/08\/08\/corriger-positif-avec-les-compteurs-de-la-reussite-a147408572\/\"},\"wordCount\":861,\"commentCount\":0,\"image\":{\"@id\":\"https:\/\/maitresseaurel.fr\/index.php\/2018\/08\/08\/corriger-positif-avec-les-compteurs-de-la-reussite-a147408572\/#primaryimage\"},\"thumbnailUrl\":\"https:\/\/maitresseaurel.fr\/wp-content\/uploads\/2018\/08\/image-5.png\",\"articleSection\":[\"Diff\u00e9renciation\",\"Supports\",\"Supports PE\"],\"inLanguage\":\"fr-FR\",\"potentialAction\":[{\"@type\":\"CommentAction\",\"name\":\"Comment\",\"target\":[\"https:\/\/maitresseaurel.fr\/index.php\/2018\/08\/08\/corriger-positif-avec-les-compteurs-de-la-reussite-a147408572\/#respond\"]}]},{\"@type\":\"WebPage\",\"@id\":\"https:\/\/maitresseaurel.fr\/index.php\/2018\/08\/08\/corriger-positif-avec-les-compteurs-de-la-reussite-a147408572\/\",\"url\":\"https:\/\/maitresseaurel.fr\/index.php\/2018\/08\/08\/corriger-positif-avec-les-compteurs-de-la-reussite-a147408572\/\",\"name\":\"Corriger \\\"positif\\\" avec les compteurs de la r&#xE9;ussite - maitresseaurel.fr\",\"isPartOf\":{\"@id\":\"https:\/\/maitresseaurel.fr\/#website\"},\"primaryImageOfPage\":{\"@id\":\"https:\/\/maitresseaurel.fr\/index.php\/2018\/08\/08\/corriger-positif-avec-les-compteurs-de-la-reussite-a147408572\/#primaryimage\"},\"image\":{\"@id\":\"https:\/\/maitresseaurel.fr\/index.php\/2018\/08\/08\/corriger-positif-avec-les-compteurs-de-la-reussite-a147408572\/#primaryimage\"},\"thumbnailUrl\":\"https:\/\/maitresseaurel.fr\/wp-content\/uploads\/2018\/08\/image-5.png\",\"datePublished\":\"2018-08-08T13:08:55+00:00\",\"author\":{\"@id\":\"https:\/\/maitresseaurel.fr\/#\/schema\/person\/026d4273414c5652f8ec9c6e1bb5267b\"},\"breadcrumb\":{\"@id\":\"https:\/\/maitresseaurel.fr\/index.php\/2018\/08\/08\/corriger-positif-avec-les-compteurs-de-la-reussite-a147408572\/#breadcrumb\"},\"inLanguage\":\"fr-FR\",\"potentialAction\":[{\"@type\":\"ReadAction\",\"target\":[\"https:\/\/maitresseaurel.fr\/index.php\/2018\/08\/08\/corriger-positif-avec-les-compteurs-de-la-reussite-a147408572\/\"]}]},{\"@type\":\"ImageObject\",\"inLanguage\":\"fr-FR\",\"@id\":\"https:\/\/maitresseaurel.fr\/index.php\/2018\/08\/08\/corriger-positif-avec-les-compteurs-de-la-reussite-a147408572\/#primaryimage\",\"url\":\"https:\/\/maitresseaurel.fr\/wp-content\/uploads\/2018\/08\/image-5.png\",\"contentUrl\":\"https:\/\/maitresseaurel.fr\/wp-content\/uploads\/2018\/08\/image-5.png\",\"width\":490,\"height\":276},{\"@type\":\"BreadcrumbList\",\"@id\":\"https:\/\/maitresseaurel.fr\/index.php\/2018\/08\/08\/corriger-positif-avec-les-compteurs-de-la-reussite-a147408572\/#breadcrumb\",\"itemListElement\":[{\"@type\":\"ListItem\",\"position\":1,\"name\":\"Accueil\",\"item\":\"https:\/\/maitresseaurel.fr\/\"},{\"@type\":\"ListItem\",\"position\":2,\"name\":\"Corriger \u00ab\u00a0positif\u00a0\u00bb avec les compteurs de la r&#xE9;ussite\"}]},{\"@type\":\"WebSite\",\"@id\":\"https:\/\/maitresseaurel.fr\/#website\",\"url\":\"https:\/\/maitresseaurel.fr\/\",\"name\":\"maitresseaurel.fr\",\"description\":\"\",\"potentialAction\":[{\"@type\":\"SearchAction\",\"target\":{\"@type\":\"EntryPoint\",\"urlTemplate\":\"https:\/\/maitresseaurel.fr\/?s={search_term_string}\"},\"query-input\":{\"@type\":\"PropertyValueSpecification\",\"valueRequired\":true,\"valueName\":\"search_term_string\"}}],\"inLanguage\":\"fr-FR\"},{\"@type\":\"Person\",\"@id\":\"https:\/\/maitresseaurel.fr\/#\/schema\/person\/026d4273414c5652f8ec9c6e1bb5267b\",\"name\":\"Aur\u00e9lia\",\"image\":{\"@type\":\"ImageObject\",\"inLanguage\":\"fr-FR\",\"@id\":\"https:\/\/secure.gravatar.com\/avatar\/56d026fc304d6002ba90f0747fcdd7abc5d0829042252f69e22f099af5bb00b1?s=96&d=mm&r=g\",\"url\":\"https:\/\/secure.gravatar.com\/avatar\/56d026fc304d6002ba90f0747fcdd7abc5d0829042252f69e22f099af5bb00b1?s=96&d=mm&r=g\",\"contentUrl\":\"https:\/\/secure.gravatar.com\/avatar\/56d026fc304d6002ba90f0747fcdd7abc5d0829042252f69e22f099af5bb00b1?s=96&d=mm&r=g\",\"caption\":\"Aur\u00e9lia\"},\"sameAs\":[\"https:\/\/maitresseaurel.fr\",\"https:\/\/www.facebook.com\/maitresseaurel\",\"https:\/\/www.instagram.com\/maitresse_aurel\/profilecard\/?igsh=MTV0ODVkeWcydXp3aQ==\",\"https:\/\/youtube.com\/@maitresseaurel590?si=D-w3cs66VCiDUyKn\"],\"url\":\"https:\/\/maitresseaurel.fr\/index.php\/author\/webmaster_k2451fyr\/\"}]}<\/script>\n<!-- \/ Yoast SEO plugin. -->","yoast_head_json":{"title":"Corriger \"positif\" avec les compteurs de la r&#xE9;ussite - maitresseaurel.fr","robots":{"index":"index","follow":"follow","max-snippet":"max-snippet:-1","max-image-preview":"max-image-preview:large","max-video-preview":"max-video-preview:-1"},"canonical":"https:\/\/maitresseaurel.fr\/index.php\/2018\/08\/08\/corriger-positif-avec-les-compteurs-de-la-reussite-a147408572\/","og_locale":"fr_FR","og_type":"article","og_title":"Corriger \"positif\" avec les compteurs de la r&#xE9;ussite - maitresseaurel.fr","og_description":"J&rsquo;ai d\u00e9couvert durant mes vacances un outil de correction positive qui devrait vous plaire ! \ud83d\ude42 La correction a encore trop souvent une connotation n\u00e9gative pour une raison tr\u00e8s simple : sanctionner les fautes \u00e9tant plus facile et rapide \u00e0 r\u00e9aliser que de mettre en avant les r\u00e9ussites, la correction reste pour beaucoup de gens [&hellip;]","og_url":"https:\/\/maitresseaurel.fr\/index.php\/2018\/08\/08\/corriger-positif-avec-les-compteurs-de-la-reussite-a147408572\/","og_site_name":"maitresseaurel.fr","article_author":"https:\/\/www.facebook.com\/maitresseaurel","article_published_time":"2018-08-08T13:08:55+00:00","og_image":[{"url":"https:\/\/ekladata.com\/ZZ_9l2NTS972MEZlNp3q1WHrEqg@660x374.png","type":"","width":"","height":""}],"author":"Aur\u00e9lia","twitter_card":"summary_large_image","twitter_misc":{"\u00c9crit par":"Aur\u00e9lia","Dur\u00e9e de lecture estim\u00e9e":"4 minutes"},"schema":{"@context":"https:\/\/schema.org","@graph":[{"@type":"Article","@id":"https:\/\/maitresseaurel.fr\/index.php\/2018\/08\/08\/corriger-positif-avec-les-compteurs-de-la-reussite-a147408572\/#article","isPartOf":{"@id":"https:\/\/maitresseaurel.fr\/index.php\/2018\/08\/08\/corriger-positif-avec-les-compteurs-de-la-reussite-a147408572\/"},"author":{"name":"Aur\u00e9lia","@id":"https:\/\/maitresseaurel.fr\/#\/schema\/person\/026d4273414c5652f8ec9c6e1bb5267b"},"headline":"Corriger \u00ab\u00a0positif\u00a0\u00bb avec les compteurs de la r&#xE9;ussite","datePublished":"2018-08-08T13:08:55+00:00","mainEntityOfPage":{"@id":"https:\/\/maitresseaurel.fr\/index.php\/2018\/08\/08\/corriger-positif-avec-les-compteurs-de-la-reussite-a147408572\/"},"wordCount":861,"commentCount":0,"image":{"@id":"https:\/\/maitresseaurel.fr\/index.php\/2018\/08\/08\/corriger-positif-avec-les-compteurs-de-la-reussite-a147408572\/#primaryimage"},"thumbnailUrl":"https:\/\/maitresseaurel.fr\/wp-content\/uploads\/2018\/08\/image-5.png","articleSection":["Diff\u00e9renciation","Supports","Supports PE"],"inLanguage":"fr-FR","potentialAction":[{"@type":"CommentAction","name":"Comment","target":["https:\/\/maitresseaurel.fr\/index.php\/2018\/08\/08\/corriger-positif-avec-les-compteurs-de-la-reussite-a147408572\/#respond"]}]},{"@type":"WebPage","@id":"https:\/\/maitresseaurel.fr\/index.php\/2018\/08\/08\/corriger-positif-avec-les-compteurs-de-la-reussite-a147408572\/","url":"https:\/\/maitresseaurel.fr\/index.php\/2018\/08\/08\/corriger-positif-avec-les-compteurs-de-la-reussite-a147408572\/","name":"Corriger \"positif\" avec les compteurs de la r&#xE9;ussite - maitresseaurel.fr","isPartOf":{"@id":"https:\/\/maitresseaurel.fr\/#website"},"primaryImageOfPage":{"@id":"https:\/\/maitresseaurel.fr\/index.php\/2018\/08\/08\/corriger-positif-avec-les-compteurs-de-la-reussite-a147408572\/#primaryimage"},"image":{"@id":"https:\/\/maitresseaurel.fr\/index.php\/2018\/08\/08\/corriger-positif-avec-les-compteurs-de-la-reussite-a147408572\/#primaryimage"},"thumbnailUrl":"https:\/\/maitresseaurel.fr\/wp-content\/uploads\/2018\/08\/image-5.png","datePublished":"2018-08-08T13:08:55+00:00","author":{"@id":"https:\/\/maitresseaurel.fr\/#\/schema\/person\/026d4273414c5652f8ec9c6e1bb5267b"},"breadcrumb":{"@id":"https:\/\/maitresseaurel.fr\/index.php\/2018\/08\/08\/corriger-positif-avec-les-compteurs-de-la-reussite-a147408572\/#breadcrumb"},"inLanguage":"fr-FR","potentialAction":[{"@type":"ReadAction","target":["https:\/\/maitresseaurel.fr\/index.php\/2018\/08\/08\/corriger-positif-avec-les-compteurs-de-la-reussite-a147408572\/"]}]},{"@type":"ImageObject","inLanguage":"fr-FR","@id":"https:\/\/maitresseaurel.fr\/index.php\/2018\/08\/08\/corriger-positif-avec-les-compteurs-de-la-reussite-a147408572\/#primaryimage","url":"https:\/\/maitresseaurel.fr\/wp-content\/uploads\/2018\/08\/image-5.png","contentUrl":"https:\/\/maitresseaurel.fr\/wp-content\/uploads\/2018\/08\/image-5.png","width":490,"height":276},{"@type":"BreadcrumbList","@id":"https:\/\/maitresseaurel.fr\/index.php\/2018\/08\/08\/corriger-positif-avec-les-compteurs-de-la-reussite-a147408572\/#breadcrumb","itemListElement":[{"@type":"ListItem","position":1,"name":"Accueil","item":"https:\/\/maitresseaurel.fr\/"},{"@type":"ListItem","position":2,"name":"Corriger \u00ab\u00a0positif\u00a0\u00bb avec les compteurs de la r&#xE9;ussite"}]},{"@type":"WebSite","@id":"https:\/\/maitresseaurel.fr\/#website","url":"https:\/\/maitresseaurel.fr\/","name":"maitresseaurel.fr","description":"","potentialAction":[{"@type":"SearchAction","target":{"@type":"EntryPoint","urlTemplate":"https:\/\/maitresseaurel.fr\/?s={search_term_string}"},"query-input":{"@type":"PropertyValueSpecification","valueRequired":true,"valueName":"search_term_string"}}],"inLanguage":"fr-FR"},{"@type":"Person","@id":"https:\/\/maitresseaurel.fr\/#\/schema\/person\/026d4273414c5652f8ec9c6e1bb5267b","name":"Aur\u00e9lia","image":{"@type":"ImageObject","inLanguage":"fr-FR","@id":"https:\/\/secure.gravatar.com\/avatar\/56d026fc304d6002ba90f0747fcdd7abc5d0829042252f69e22f099af5bb00b1?s=96&d=mm&r=g","url":"https:\/\/secure.gravatar.com\/avatar\/56d026fc304d6002ba90f0747fcdd7abc5d0829042252f69e22f099af5bb00b1?s=96&d=mm&r=g","contentUrl":"https:\/\/secure.gravatar.com\/avatar\/56d026fc304d6002ba90f0747fcdd7abc5d0829042252f69e22f099af5bb00b1?s=96&d=mm&r=g","caption":"Aur\u00e9lia"},"sameAs":["https:\/\/maitresseaurel.fr","https:\/\/www.facebook.com\/maitresseaurel","https:\/\/www.instagram.com\/maitresse_aurel\/profilecard\/?igsh=MTV0ODVkeWcydXp3aQ==","https:\/\/youtube.com\/@maitresseaurel590?si=D-w3cs66VCiDUyKn"],"url":"https:\/\/maitresseaurel.fr\/index.php\/author\/webmaster_k2451fyr\/"}]}},"_links":{"self":[{"href":"https:\/\/maitresseaurel.fr\/index.php\/wp-json\/wp\/v2\/posts\/762","targetHints":{"allow":["GET"]}}],"collection":[{"href":"https:\/\/maitresseaurel.fr\/index.php\/wp-json\/wp\/v2\/posts"}],"about":[{"href":"https:\/\/maitresseaurel.fr\/index.php\/wp-json\/wp\/v2\/types\/post"}],"author":[{"embeddable":true,"href":"https:\/\/maitresseaurel.fr\/index.php\/wp-json\/wp\/v2\/users\/1"}],"replies":[{"embeddable":true,"href":"https:\/\/maitresseaurel.fr\/index.php\/wp-json\/wp\/v2\/comments?post=762"}],"version-history":[{"count":0,"href":"https:\/\/maitresseaurel.fr\/index.php\/wp-json\/wp\/v2\/posts\/762\/revisions"}],"wp:featuredmedia":[{"embeddable":true,"href":"https:\/\/maitresseaurel.fr\/index.php\/wp-json\/wp\/v2\/media\/2269"}],"wp:attachment":[{"href":"https:\/\/maitresseaurel.fr\/index.php\/wp-json\/wp\/v2\/media?parent=762"}],"wp:term":[{"taxonomy":"category","embeddable":true,"href":"https:\/\/maitresseaurel.fr\/index.php\/wp-json\/wp\/v2\/categories?post=762"},{"taxonomy":"post_tag","embeddable":true,"href":"https:\/\/maitresseaurel.fr\/index.php\/wp-json\/wp\/v2\/tags?post=762"}],"curies":[{"name":"wp","href":"https:\/\/api.w.org\/{rel}","templated":true}]}}