{"id":825,"date":"2018-02-05T20:26:26","date_gmt":"2018-02-05T20:26:26","guid":{"rendered":"https:\/\/maitresseaurel.grouik.fr\/les-boites-a-conter-a136411512\/"},"modified":"2018-02-05T20:26:26","modified_gmt":"2018-02-05T20:26:26","slug":"les-boites-a-conter-a136411512","status":"publish","type":"post","link":"https:\/\/maitresseaurel.fr\/index.php\/2018\/02\/05\/les-boites-a-conter-a136411512\/","title":{"rendered":"Les bo&#xEE;tes &#xE0; conter"},"content":{"rendered":"\n<p><em>Motiv\u00e9e par ma super coll\u00e8gue <a href=\"https:\/\/www.instagram.com\/la_maitresse_sev\/\">@la_maitresse_sev<\/a>, j&rsquo;ai d\u00e9cid\u00e9 de me lancer dans l&rsquo;aventure des bo\u00eetes \u00e0 conter !<\/em><\/p>\n\n\n\n<p>La cr\u00e9ation de ces petits bo\u00eetes ne m&rsquo;est en r\u00e9alit\u00e9 pas vraiment nouvelle.<\/p>\n\n\n\n<p>En effet, lors de mes ann\u00e9es d&rsquo;enseignement en maternelle, j&rsquo;avais d\u00e9j\u00e0 cr\u00e9\u00e9 des <strong>\u00ab\u00a0sacs \u00e0 conter\u00a0\u00bb<\/strong> qui avait le m\u00eame objectif principal :<\/p>\n\n\n\n<p><em><strong>d\u00e9velopper le langage oral de nos ch\u00e8res petites t\u00eates blondes !<\/strong><\/em><\/p>\n\n\n\n<p>Cette fois, la nouveaut\u00e9 se trouve dans le fait que ces \u00ab\u00a0bo\u00eetes \u00e0 conter\u00a0\u00bb sont r\u00e9alis\u00e9es \u00e0 destination d&rsquo;\u00e9l\u00e8ves de<strong> cycle 2 <\/strong>pour un<strong> usage au quotidien en classe<\/strong> et non plus pour un week-end \u00e0 la maison.<\/p>\n\n\n\n<p>Comme Maitresse Sev l&rsquo;explique tr\u00e8s bien sur son <a href=\"http:\/\/maitressesev.eklablog.com\/le-langage-oral-les-boites-a-histoire-a135658466\">blog<\/a>, \u00e0 l&rsquo;\u00e9cole \u00e9l\u00e9mentaire, <strong>le langage oral est malheureusement fortement d\u00e9laiss\u00e9 au profit d&rsquo;autres disciplines et apprentissages<\/strong>.<\/p>\n\n\n\n<p>Suite aux conseils re\u00e7us de notre inspectrice, elle a d\u00e9cid\u00e9 de se pencher plus s\u00e9rieusement sur ce sujet. Ayant des CP <em>(qui arrivent donc tout droit de l&rsquo;\u00e9cole maternelle o\u00f9 le langage oral est fortement travaill\u00e9)<\/em>, j&rsquo;ai d\u00e9cid\u00e9 de la rejoindre sur ce nouveau chemin afin de permettre une continuit\u00e9 de la GS au CE2.<\/p>\n\n\n\n<p>Les id\u00e9es de projets commencent \u00e0 germer tout doucement mais s\u00fbrement ! \ud83d\ude09<\/p>\n\n\n\n<p>J&rsquo;ai donc d\u00e9cid\u00e9 de d\u00e9marrer ce projet des \u00ab\u00a0bo\u00eetes \u00e0 conter\u00a0\u00bb avec l&rsquo;album<\/p>\n\n\n\n<p><a href=\"https:\/\/livre.fnac.com\/a10614963\/Jeremy-Semet-La-reception-du-roiseau\">\u00ab\u00a0La r\u00e9ception du roiseau\u00a0\u00bb<\/a>&nbsp;\u00e9crit par J\u00e9r\u00e9my Semet<\/p>\n\n\n\n<p><em>(auteur avec lequel ma classe travaille en collaboration sur un projet d&rsquo;\u00e9criture).<\/em><\/p>\n\n\n\n<p>Cet album suit une trame successive o\u00f9 Grisette, personnage principal, rencontre plusieurs autres personnages \u00e0 la suite.<\/p>\n\n\n\n<p>La bo\u00eete \u00e0 conter\u00a0\u00bb est encore en cours de r\u00e9alisation mais, en attendant d&rsquo;avoir plus des photos \u00e0 vous montrer, je mets \u00e0 votre disposition le PDF contenant les photos des personnages afin de vous permettre de construire les petites marionnettes \u00e0 b\u00e2tonnets qui permettront aux \u00e9l\u00e8ves de donner vie aux personnages, de raconter leurs (m\u00e9s)aventures et, au-del\u00e0 de tout cela, de d\u00e9velopper leur langage !<\/p>\n\n\n\n<figure class=\"wp-block-image size-full\"><img loading=\"lazy\" decoding=\"async\" width=\"500\" height=\"249\" src=\"https:\/\/maitresseaurel.grouik.fr\/wp-content\/uploads\/2018\/02\/image-6.png\" alt=\"\" class=\"wp-image-2408\" srcset=\"https:\/\/maitresseaurel.fr\/wp-content\/uploads\/2018\/02\/image-6.png 500w, https:\/\/maitresseaurel.fr\/wp-content\/uploads\/2018\/02\/image-6-300x149.png 300w\" sizes=\"auto, (max-width: 500px) 100vw, 500px\" \/><\/figure>\n\n\n\n<p>L&rsquo;an prochain je compte d\u00e9marrer l&rsquo;ann\u00e9e avec une bo\u00eete \u00e0 conter sp\u00e9ciale : La plan\u00e8te des Alphas !<\/p>\n\n\n\n<p>C&rsquo;est avec cette m\u00e9thode que je travaille d\u00e8s le premier jour de classe et les \u00e9l\u00e8ves adh\u00e8rent toujours tr\u00e8s facilement \u00e0 l&rsquo;histoire de d\u00e9part. Ce serait donc un bon moyen d&rsquo;entrer dans le langage oral en le liant \u00e0 la lecture et \u00e0 la combinatoire. \ud83d\ude09<\/p>\n\n\n\n<p>J&rsquo;ai donc d\u00e9j\u00e0 pris le temps de r\u00e9aliser l&rsquo;ensemble des petits personnages de la bo\u00eete \u00e0 conter ! Mes \u00e9l\u00e8ves disposeront directement de l&rsquo;ensemble des figurines des Alphas pour conter leur histoire mais, pour ceux d&rsquo;entre vous qui ne peuvent en disposer, vous trouverez dans le PDF tous les Alphas. Ils ne sont cependant pas tous propos\u00e9s en version \u00ab\u00a0miroir\u00a0\u00bb car je ne souhaitais pas qu&rsquo;ils se retrouvent \u00e0 l&rsquo;envers. Ainsi, la dame au gros derri\u00e8re ne pourra pas \u00eatre confondue avec la botte si on retourne la carte. \ud83d\ude09<\/p>\n\n\n\n<figure class=\"wp-block-image\"><a href=\"https:\/\/ekladata.com\/i8eGNTKB3P58USePmnKQC79mows.pdf\"><img decoding=\"async\" src=\"https:\/\/ekladata.com\/xRoCmvGFZjk7RFWedArGVdCrBUc@500x346.png\" alt=\"Les bo\u00eetes \u00e0 conter\"\/><\/a><\/figure>\n","protected":false},"excerpt":{"rendered":"<p>Motiv\u00e9e par ma super coll\u00e8gue @la_maitresse_sev, j&rsquo;ai d\u00e9cid\u00e9 de me lancer dans l&rsquo;aventure des bo\u00eetes \u00e0 conter ! La cr\u00e9ation de ces petits bo\u00eetes ne m&rsquo;est en r\u00e9alit\u00e9 pas vraiment nouvelle. En effet, lors de mes ann\u00e9es d&rsquo;enseignement en maternelle, j&rsquo;avais d\u00e9j\u00e0 cr\u00e9\u00e9 des \u00ab\u00a0sacs \u00e0 conter\u00a0\u00bb qui avait le m\u00eame objectif principal : d\u00e9velopper [&hellip;]<\/p>\n","protected":false},"author":1,"featured_media":2408,"comment_status":"open","ping_status":"open","sticky":false,"template":"","format":"standard","meta":{"footnotes":""},"categories":[4,11,21],"tags":[],"class_list":["post-825","post","type-post","status-publish","format-standard","has-post-thumbnail","hentry","category-domaines-denseignement","category-langage-oral","category-projets-evenements"],"yoast_head":"<!-- This site is optimized with the Yoast SEO plugin v27.2 - https:\/\/yoast.com\/product\/yoast-seo-wordpress\/ -->\n<title>Les bo&#xEE;tes &#xE0; conter - maitresseaurel.fr<\/title>\n<meta name=\"robots\" content=\"index, follow, max-snippet:-1, max-image-preview:large, max-video-preview:-1\" \/>\n<link rel=\"canonical\" href=\"https:\/\/maitresseaurel.fr\/index.php\/2018\/02\/05\/les-boites-a-conter-a136411512\/\" \/>\n<meta property=\"og:locale\" content=\"fr_FR\" \/>\n<meta property=\"og:type\" content=\"article\" \/>\n<meta property=\"og:title\" content=\"Les bo&#xEE;tes &#xE0; conter - maitresseaurel.fr\" \/>\n<meta property=\"og:description\" content=\"Motiv\u00e9e par ma super coll\u00e8gue @la_maitresse_sev, j&rsquo;ai d\u00e9cid\u00e9 de me lancer dans l&rsquo;aventure des bo\u00eetes \u00e0 conter ! La cr\u00e9ation de ces petits bo\u00eetes ne m&rsquo;est en r\u00e9alit\u00e9 pas vraiment nouvelle. En effet, lors de mes ann\u00e9es d&rsquo;enseignement en maternelle, j&rsquo;avais d\u00e9j\u00e0 cr\u00e9\u00e9 des \u00ab\u00a0sacs \u00e0 conter\u00a0\u00bb qui avait le m\u00eame objectif principal : d\u00e9velopper [&hellip;]\" \/>\n<meta property=\"og:url\" content=\"https:\/\/maitresseaurel.fr\/index.php\/2018\/02\/05\/les-boites-a-conter-a136411512\/\" \/>\n<meta property=\"og:site_name\" content=\"maitresseaurel.fr\" \/>\n<meta property=\"article:author\" content=\"https:\/\/www.facebook.com\/maitresseaurel\" \/>\n<meta property=\"article:published_time\" content=\"2018-02-05T20:26:26+00:00\" \/>\n<meta property=\"og:image\" content=\"https:\/\/maitresseaurel.fr\/wp-content\/uploads\/2018\/02\/image-6.png\" \/>\n\t<meta property=\"og:image:width\" content=\"500\" \/>\n\t<meta property=\"og:image:height\" content=\"249\" \/>\n\t<meta property=\"og:image:type\" content=\"image\/png\" \/>\n<meta name=\"author\" content=\"Aur\u00e9lia\" \/>\n<meta name=\"twitter:card\" content=\"summary_large_image\" \/>\n<meta name=\"twitter:label1\" content=\"\u00c9crit par\" \/>\n\t<meta name=\"twitter:data1\" content=\"Aur\u00e9lia\" \/>\n\t<meta name=\"twitter:label2\" content=\"Dur\u00e9e de lecture estim\u00e9e\" \/>\n\t<meta name=\"twitter:data2\" content=\"3 minutes\" \/>\n<script type=\"application\/ld+json\" class=\"yoast-schema-graph\">{\"@context\":\"https:\/\/schema.org\",\"@graph\":[{\"@type\":\"Article\",\"@id\":\"https:\/\/maitresseaurel.fr\/index.php\/2018\/02\/05\/les-boites-a-conter-a136411512\/#article\",\"isPartOf\":{\"@id\":\"https:\/\/maitresseaurel.fr\/index.php\/2018\/02\/05\/les-boites-a-conter-a136411512\/\"},\"author\":{\"name\":\"Aur\u00e9lia\",\"@id\":\"https:\/\/maitresseaurel.fr\/#\/schema\/person\/026d4273414c5652f8ec9c6e1bb5267b\"},\"headline\":\"Les bo&#xEE;tes &#xE0; conter\",\"datePublished\":\"2018-02-05T20:26:26+00:00\",\"mainEntityOfPage\":{\"@id\":\"https:\/\/maitresseaurel.fr\/index.php\/2018\/02\/05\/les-boites-a-conter-a136411512\/\"},\"wordCount\":529,\"commentCount\":0,\"image\":{\"@id\":\"https:\/\/maitresseaurel.fr\/index.php\/2018\/02\/05\/les-boites-a-conter-a136411512\/#primaryimage\"},\"thumbnailUrl\":\"https:\/\/maitresseaurel.fr\/wp-content\/uploads\/2018\/02\/image-6.png\",\"articleSection\":[\"Disciplines\",\"Langage oral\",\"Projets - Rituels - Ev\u00e8nements\"],\"inLanguage\":\"fr-FR\",\"potentialAction\":[{\"@type\":\"CommentAction\",\"name\":\"Comment\",\"target\":[\"https:\/\/maitresseaurel.fr\/index.php\/2018\/02\/05\/les-boites-a-conter-a136411512\/#respond\"]}]},{\"@type\":\"WebPage\",\"@id\":\"https:\/\/maitresseaurel.fr\/index.php\/2018\/02\/05\/les-boites-a-conter-a136411512\/\",\"url\":\"https:\/\/maitresseaurel.fr\/index.php\/2018\/02\/05\/les-boites-a-conter-a136411512\/\",\"name\":\"Les bo&#xEE;tes &#xE0; conter - maitresseaurel.fr\",\"isPartOf\":{\"@id\":\"https:\/\/maitresseaurel.fr\/#website\"},\"primaryImageOfPage\":{\"@id\":\"https:\/\/maitresseaurel.fr\/index.php\/2018\/02\/05\/les-boites-a-conter-a136411512\/#primaryimage\"},\"image\":{\"@id\":\"https:\/\/maitresseaurel.fr\/index.php\/2018\/02\/05\/les-boites-a-conter-a136411512\/#primaryimage\"},\"thumbnailUrl\":\"https:\/\/maitresseaurel.fr\/wp-content\/uploads\/2018\/02\/image-6.png\",\"datePublished\":\"2018-02-05T20:26:26+00:00\",\"author\":{\"@id\":\"https:\/\/maitresseaurel.fr\/#\/schema\/person\/026d4273414c5652f8ec9c6e1bb5267b\"},\"breadcrumb\":{\"@id\":\"https:\/\/maitresseaurel.fr\/index.php\/2018\/02\/05\/les-boites-a-conter-a136411512\/#breadcrumb\"},\"inLanguage\":\"fr-FR\",\"potentialAction\":[{\"@type\":\"ReadAction\",\"target\":[\"https:\/\/maitresseaurel.fr\/index.php\/2018\/02\/05\/les-boites-a-conter-a136411512\/\"]}]},{\"@type\":\"ImageObject\",\"inLanguage\":\"fr-FR\",\"@id\":\"https:\/\/maitresseaurel.fr\/index.php\/2018\/02\/05\/les-boites-a-conter-a136411512\/#primaryimage\",\"url\":\"https:\/\/maitresseaurel.fr\/wp-content\/uploads\/2018\/02\/image-6.png\",\"contentUrl\":\"https:\/\/maitresseaurel.fr\/wp-content\/uploads\/2018\/02\/image-6.png\",\"width\":500,\"height\":249},{\"@type\":\"BreadcrumbList\",\"@id\":\"https:\/\/maitresseaurel.fr\/index.php\/2018\/02\/05\/les-boites-a-conter-a136411512\/#breadcrumb\",\"itemListElement\":[{\"@type\":\"ListItem\",\"position\":1,\"name\":\"Accueil\",\"item\":\"https:\/\/maitresseaurel.fr\/\"},{\"@type\":\"ListItem\",\"position\":2,\"name\":\"Les bo&#xEE;tes &#xE0; conter\"}]},{\"@type\":\"WebSite\",\"@id\":\"https:\/\/maitresseaurel.fr\/#website\",\"url\":\"https:\/\/maitresseaurel.fr\/\",\"name\":\"maitresseaurel.fr\",\"description\":\"\",\"potentialAction\":[{\"@type\":\"SearchAction\",\"target\":{\"@type\":\"EntryPoint\",\"urlTemplate\":\"https:\/\/maitresseaurel.fr\/?s={search_term_string}\"},\"query-input\":{\"@type\":\"PropertyValueSpecification\",\"valueRequired\":true,\"valueName\":\"search_term_string\"}}],\"inLanguage\":\"fr-FR\"},{\"@type\":\"Person\",\"@id\":\"https:\/\/maitresseaurel.fr\/#\/schema\/person\/026d4273414c5652f8ec9c6e1bb5267b\",\"name\":\"Aur\u00e9lia\",\"image\":{\"@type\":\"ImageObject\",\"inLanguage\":\"fr-FR\",\"@id\":\"https:\/\/secure.gravatar.com\/avatar\/56d026fc304d6002ba90f0747fcdd7abc5d0829042252f69e22f099af5bb00b1?s=96&d=mm&r=g\",\"url\":\"https:\/\/secure.gravatar.com\/avatar\/56d026fc304d6002ba90f0747fcdd7abc5d0829042252f69e22f099af5bb00b1?s=96&d=mm&r=g\",\"contentUrl\":\"https:\/\/secure.gravatar.com\/avatar\/56d026fc304d6002ba90f0747fcdd7abc5d0829042252f69e22f099af5bb00b1?s=96&d=mm&r=g\",\"caption\":\"Aur\u00e9lia\"},\"sameAs\":[\"https:\/\/maitresseaurel.fr\",\"https:\/\/www.facebook.com\/maitresseaurel\",\"https:\/\/www.instagram.com\/maitresse_aurel\/profilecard\/?igsh=MTV0ODVkeWcydXp3aQ==\",\"https:\/\/youtube.com\/@maitresseaurel590?si=D-w3cs66VCiDUyKn\"],\"url\":\"https:\/\/maitresseaurel.fr\/index.php\/author\/webmaster_k2451fyr\/\"}]}<\/script>\n<!-- \/ Yoast SEO plugin. -->","yoast_head_json":{"title":"Les bo&#xEE;tes &#xE0; conter - maitresseaurel.fr","robots":{"index":"index","follow":"follow","max-snippet":"max-snippet:-1","max-image-preview":"max-image-preview:large","max-video-preview":"max-video-preview:-1"},"canonical":"https:\/\/maitresseaurel.fr\/index.php\/2018\/02\/05\/les-boites-a-conter-a136411512\/","og_locale":"fr_FR","og_type":"article","og_title":"Les bo&#xEE;tes &#xE0; conter - maitresseaurel.fr","og_description":"Motiv\u00e9e par ma super coll\u00e8gue @la_maitresse_sev, j&rsquo;ai d\u00e9cid\u00e9 de me lancer dans l&rsquo;aventure des bo\u00eetes \u00e0 conter ! La cr\u00e9ation de ces petits bo\u00eetes ne m&rsquo;est en r\u00e9alit\u00e9 pas vraiment nouvelle. En effet, lors de mes ann\u00e9es d&rsquo;enseignement en maternelle, j&rsquo;avais d\u00e9j\u00e0 cr\u00e9\u00e9 des \u00ab\u00a0sacs \u00e0 conter\u00a0\u00bb qui avait le m\u00eame objectif principal : d\u00e9velopper [&hellip;]","og_url":"https:\/\/maitresseaurel.fr\/index.php\/2018\/02\/05\/les-boites-a-conter-a136411512\/","og_site_name":"maitresseaurel.fr","article_author":"https:\/\/www.facebook.com\/maitresseaurel","article_published_time":"2018-02-05T20:26:26+00:00","og_image":[{"width":500,"height":249,"url":"https:\/\/maitresseaurel.fr\/wp-content\/uploads\/2018\/02\/image-6.png","type":"image\/png"}],"author":"Aur\u00e9lia","twitter_card":"summary_large_image","twitter_misc":{"\u00c9crit par":"Aur\u00e9lia","Dur\u00e9e de lecture estim\u00e9e":"3 minutes"},"schema":{"@context":"https:\/\/schema.org","@graph":[{"@type":"Article","@id":"https:\/\/maitresseaurel.fr\/index.php\/2018\/02\/05\/les-boites-a-conter-a136411512\/#article","isPartOf":{"@id":"https:\/\/maitresseaurel.fr\/index.php\/2018\/02\/05\/les-boites-a-conter-a136411512\/"},"author":{"name":"Aur\u00e9lia","@id":"https:\/\/maitresseaurel.fr\/#\/schema\/person\/026d4273414c5652f8ec9c6e1bb5267b"},"headline":"Les bo&#xEE;tes &#xE0; conter","datePublished":"2018-02-05T20:26:26+00:00","mainEntityOfPage":{"@id":"https:\/\/maitresseaurel.fr\/index.php\/2018\/02\/05\/les-boites-a-conter-a136411512\/"},"wordCount":529,"commentCount":0,"image":{"@id":"https:\/\/maitresseaurel.fr\/index.php\/2018\/02\/05\/les-boites-a-conter-a136411512\/#primaryimage"},"thumbnailUrl":"https:\/\/maitresseaurel.fr\/wp-content\/uploads\/2018\/02\/image-6.png","articleSection":["Disciplines","Langage oral","Projets - Rituels - Ev\u00e8nements"],"inLanguage":"fr-FR","potentialAction":[{"@type":"CommentAction","name":"Comment","target":["https:\/\/maitresseaurel.fr\/index.php\/2018\/02\/05\/les-boites-a-conter-a136411512\/#respond"]}]},{"@type":"WebPage","@id":"https:\/\/maitresseaurel.fr\/index.php\/2018\/02\/05\/les-boites-a-conter-a136411512\/","url":"https:\/\/maitresseaurel.fr\/index.php\/2018\/02\/05\/les-boites-a-conter-a136411512\/","name":"Les bo&#xEE;tes &#xE0; conter - maitresseaurel.fr","isPartOf":{"@id":"https:\/\/maitresseaurel.fr\/#website"},"primaryImageOfPage":{"@id":"https:\/\/maitresseaurel.fr\/index.php\/2018\/02\/05\/les-boites-a-conter-a136411512\/#primaryimage"},"image":{"@id":"https:\/\/maitresseaurel.fr\/index.php\/2018\/02\/05\/les-boites-a-conter-a136411512\/#primaryimage"},"thumbnailUrl":"https:\/\/maitresseaurel.fr\/wp-content\/uploads\/2018\/02\/image-6.png","datePublished":"2018-02-05T20:26:26+00:00","author":{"@id":"https:\/\/maitresseaurel.fr\/#\/schema\/person\/026d4273414c5652f8ec9c6e1bb5267b"},"breadcrumb":{"@id":"https:\/\/maitresseaurel.fr\/index.php\/2018\/02\/05\/les-boites-a-conter-a136411512\/#breadcrumb"},"inLanguage":"fr-FR","potentialAction":[{"@type":"ReadAction","target":["https:\/\/maitresseaurel.fr\/index.php\/2018\/02\/05\/les-boites-a-conter-a136411512\/"]}]},{"@type":"ImageObject","inLanguage":"fr-FR","@id":"https:\/\/maitresseaurel.fr\/index.php\/2018\/02\/05\/les-boites-a-conter-a136411512\/#primaryimage","url":"https:\/\/maitresseaurel.fr\/wp-content\/uploads\/2018\/02\/image-6.png","contentUrl":"https:\/\/maitresseaurel.fr\/wp-content\/uploads\/2018\/02\/image-6.png","width":500,"height":249},{"@type":"BreadcrumbList","@id":"https:\/\/maitresseaurel.fr\/index.php\/2018\/02\/05\/les-boites-a-conter-a136411512\/#breadcrumb","itemListElement":[{"@type":"ListItem","position":1,"name":"Accueil","item":"https:\/\/maitresseaurel.fr\/"},{"@type":"ListItem","position":2,"name":"Les bo&#xEE;tes &#xE0; conter"}]},{"@type":"WebSite","@id":"https:\/\/maitresseaurel.fr\/#website","url":"https:\/\/maitresseaurel.fr\/","name":"maitresseaurel.fr","description":"","potentialAction":[{"@type":"SearchAction","target":{"@type":"EntryPoint","urlTemplate":"https:\/\/maitresseaurel.fr\/?s={search_term_string}"},"query-input":{"@type":"PropertyValueSpecification","valueRequired":true,"valueName":"search_term_string"}}],"inLanguage":"fr-FR"},{"@type":"Person","@id":"https:\/\/maitresseaurel.fr\/#\/schema\/person\/026d4273414c5652f8ec9c6e1bb5267b","name":"Aur\u00e9lia","image":{"@type":"ImageObject","inLanguage":"fr-FR","@id":"https:\/\/secure.gravatar.com\/avatar\/56d026fc304d6002ba90f0747fcdd7abc5d0829042252f69e22f099af5bb00b1?s=96&d=mm&r=g","url":"https:\/\/secure.gravatar.com\/avatar\/56d026fc304d6002ba90f0747fcdd7abc5d0829042252f69e22f099af5bb00b1?s=96&d=mm&r=g","contentUrl":"https:\/\/secure.gravatar.com\/avatar\/56d026fc304d6002ba90f0747fcdd7abc5d0829042252f69e22f099af5bb00b1?s=96&d=mm&r=g","caption":"Aur\u00e9lia"},"sameAs":["https:\/\/maitresseaurel.fr","https:\/\/www.facebook.com\/maitresseaurel","https:\/\/www.instagram.com\/maitresse_aurel\/profilecard\/?igsh=MTV0ODVkeWcydXp3aQ==","https:\/\/youtube.com\/@maitresseaurel590?si=D-w3cs66VCiDUyKn"],"url":"https:\/\/maitresseaurel.fr\/index.php\/author\/webmaster_k2451fyr\/"}]}},"_links":{"self":[{"href":"https:\/\/maitresseaurel.fr\/index.php\/wp-json\/wp\/v2\/posts\/825","targetHints":{"allow":["GET"]}}],"collection":[{"href":"https:\/\/maitresseaurel.fr\/index.php\/wp-json\/wp\/v2\/posts"}],"about":[{"href":"https:\/\/maitresseaurel.fr\/index.php\/wp-json\/wp\/v2\/types\/post"}],"author":[{"embeddable":true,"href":"https:\/\/maitresseaurel.fr\/index.php\/wp-json\/wp\/v2\/users\/1"}],"replies":[{"embeddable":true,"href":"https:\/\/maitresseaurel.fr\/index.php\/wp-json\/wp\/v2\/comments?post=825"}],"version-history":[{"count":0,"href":"https:\/\/maitresseaurel.fr\/index.php\/wp-json\/wp\/v2\/posts\/825\/revisions"}],"wp:featuredmedia":[{"embeddable":true,"href":"https:\/\/maitresseaurel.fr\/index.php\/wp-json\/wp\/v2\/media\/2408"}],"wp:attachment":[{"href":"https:\/\/maitresseaurel.fr\/index.php\/wp-json\/wp\/v2\/media?parent=825"}],"wp:term":[{"taxonomy":"category","embeddable":true,"href":"https:\/\/maitresseaurel.fr\/index.php\/wp-json\/wp\/v2\/categories?post=825"},{"taxonomy":"post_tag","embeddable":true,"href":"https:\/\/maitresseaurel.fr\/index.php\/wp-json\/wp\/v2\/tags?post=825"}],"curies":[{"name":"wp","href":"https:\/\/api.w.org\/{rel}","templated":true}]}}