{"id":878,"date":"2017-08-03T18:44:34","date_gmt":"2017-08-03T18:44:34","guid":{"rendered":"https:\/\/maitresseaurel.grouik.fr\/emploi-du-temps-4-jours-et-demi-a130921924\/"},"modified":"2017-08-03T18:44:34","modified_gmt":"2017-08-03T18:44:34","slug":"emploi-du-temps-4-jours-et-demi-a130921924","status":"publish","type":"post","link":"https:\/\/maitresseaurel.fr\/index.php\/2017\/08\/03\/emploi-du-temps-4-jours-et-demi-a130921924\/","title":{"rendered":"Emploi du temps : 4 jours et demi"},"content":{"rendered":"\n<p>&nbsp;<em>Apr\u00e8s plusieurs jours de casse-t\u00eate et plusieurs nuits de r\u00e9flexion, voici enfin mon emploi du temps pour l&rsquo;ann\u00e9e scolaire 2017-2018 ! Enfin l&rsquo;\u00e9bauche au moins. Le conseil des ma\u00eetres de la pr\u00e9-rentr\u00e9e, les disponibilit\u00e9s des structures sportives et les \u00e9changes de services risquent de le modifier l\u00e9g\u00e8rement.<\/em><\/p>\n\n\n\n<p><em>\u00ab\u00a0Comment as-tu construit ton emploi du temps ?\u00a0\u00bb<\/em><\/p>\n\n\n\n<p>Comme ma coll\u00e8gue maitresse Sev l&rsquo;a d\u00e9j\u00e0 tr\u00e8s bien expliqu\u00e9 sur blog, dans notre \u00e9cole, toute l&rsquo;\u00e9quipe s&rsquo;est accord\u00e9e pour cr\u00e9er un <strong>emploi du temps \u00ab\u00a0commun\u00a0\u00bb<\/strong> (dit \u00ab\u00a0en barrettes\u00a0\u00bbafin de faciliter les inclusions des \u00e9l\u00e8ves de la classe ULIS et l&rsquo;organisation de leur super ma\u00eetresse. Ainsi, nous faisons tout ce qui rel\u00e8ve du fran\u00e7ais, le matin, avant la r\u00e9cr\u00e9ation et tout ce qui est du domaine des math\u00e9matiques, apr\u00e8s la r\u00e9cr\u00e9ation.<\/p>\n\n\n\n<p>Cette ann\u00e9e, il n&rsquo;est pas pr\u00e9vu que des \u00e9l\u00e8ves soient inclus dans ma classe et donc je n&rsquo;\u00e9tais pas oblig\u00e9e de me tenir \u00e0 cette organisation mais j&rsquo;ai volontairement choisi de la conserver autant que possible car elle me convient bien (et puis comme \u00e7a je suis d\u00e9j\u00e0 pr\u00eate \u00ab\u00a0au cas o\u00f9\u00a0\u00bb un \u00e9l\u00e8ve relevant de l&rsquo;ULIS int\u00e8gre ma classe en cours d&rsquo;ann\u00e9e pour certaines disciplines ;-)).<\/p>\n\n\n\n<p><em>\u00ab\u00a0Comment as-tu plac\u00e9 les cr\u00e9neaux aux centres ?\u00a0\u00bb<\/em><\/p>\n\n\n\n<p>J&rsquo;ai d\u00e9cid\u00e9 de conserver mon organisation de base de l&rsquo;an dernier : pratiquer le travail en demi-classe et donc les centres d&rsquo;autonomie, le matin, pour la <strong>lecture-phonologie<\/strong> et les <strong>math\u00e9matiques<\/strong>.<\/p>\n\n\n\n<p>Cependant, j&rsquo;ai choisi d&rsquo;aller encore plus loin l&rsquo;an prochain dans la pratique des centres en \u00e9largissant cette organisation \u00e0 la <strong>production d&rsquo;\u00e9crits, la lecture-compr\u00e9hension et l&rsquo;\u00e9tude de la langue.<\/strong> Autrement dit, tous les domaines qui composent les <em><strong>axes fran\u00e7ais et math\u00e9matiques<\/strong><\/em> des programmes seront pratiqu\u00e9s en <em>demi-classe<\/em>.<\/p>\n\n\n\n<p>Chaque s\u00e9ance dure une heure c&rsquo;est-\u00e0-dire <strong>30 minutes<\/strong> avec chacune de mes deux demi-classes. Les s\u00e9ances d&rsquo;apprentissages sont ainsi moins longues pour les \u00e9l\u00e8ves qui restent ainsi mieux concentr\u00e9s et le travail aux centres favorisent la manipulation, la rotation sur les diverses routines et donc un meilleur investissement des \u00e9l\u00e8ves.<\/p>\n\n\n\n<p><em>\u00ab\u00a0Comment faire pour respecter les r\u00e9partitions horaires ?\u00a0\u00bb<\/em><\/p>\n\n\n\n<p><em>C&rsquo;est une question que l&rsquo;on m&rsquo;a d\u00e9j\u00e0 demand\u00e9 plusieurs fois sur Instagram et \u00e9galement sur le blog.<\/em><\/p>\n\n\n\n<p>La r\u00e9ponse est simple :<\/p>\n\n\n\n<p><strong>En terme d&rsquo;horaires hebdomadaires, les quotas ne sont pas respect\u00e9s<\/strong><\/p>\n\n\n\n<p>pour plusieurs raisons :<\/p>\n\n\n\n<p>&#8211; les comp\u00e9tences travaill\u00e9es en autonomie sont diff\u00e9rentes selon les <strong>centres<\/strong> : il est donc difficile de les \u00e9valuer en termes d&rsquo;horaires exacts<\/p>\n\n\n\n<p>&#8211; les temps de <strong>bilans individuels avec l&rsquo;enseignant<\/strong>, bien qu&rsquo;ils rel\u00e8vent de la ma\u00eetrise de l&rsquo;oral, ne peuvent pas s&rsquo;en limiter \u00e0 cela. Chaque \u00e9l\u00e8ve travaillera dans ces temps pr\u00e9cis des objectifs diff\u00e9rents et qui rel\u00e8vent donc de diff\u00e9rentes disciplines et points des programmes.<\/p>\n\n\n\n<p>&#8211; les <strong>rituels<\/strong> et les <strong>mini-le\u00e7ons<\/strong> visant \u00e0 expliquer toutes les routines des diff\u00e9rents centres sont indispensables au bon d\u00e9roulement de la semaine : il est, ici encore, tr\u00e8s difficile de les r\u00e9duire \u00e0 un seul domaine car ils font appel \u00e0 des comp\u00e9tences transversales &#8230;<\/p>\n\n\n\n<p>&#8211; chacun et chacune de nous connait aussi le souci des s\u00e9ances d&rsquo;<strong>EPS<\/strong> qui se d\u00e9roulent dans un gymnase ou une piscine \u00e9loign\u00e9e de l&rsquo;\u00e9tablissement scolaire et dont le temps de trajet fait consid\u00e9rablement r\u00e9duire le temps d&rsquo;activit\u00e9 effectif. Et bien c&rsquo;est aussi le cas dans un fonctionnement en centre &#8230;<\/p>\n\n\n\n<p>&#8211; un dernier point qui fait que l&rsquo;on ne pourra jamais respecter les quotas horaires hebdomadaires dans mon \u00e9cole <strong>et dans toutes les \u00e9coles d&rsquo;Alsace-Moselle<\/strong> : les cours de <strong>religions<\/strong> ! (<em>Lorsque Jules Ferry a \u00e9tabli ses fameuses lois de 1905 r\u00e9gissant l&rsquo;Ecole Fran\u00e7aise, notre r\u00e9gion \u00e9tait allemande et r\u00e9git par un Concordat qui n&rsquo;a jamais \u00e9t\u00e9 abrog\u00e9 depuis afin de respecter les traditions. <\/em>#stephanebernsortdececorps). Aussi, chaque semaine, les \u00e9l\u00e8ves des 4 cultes catholiques disposent d&rsquo;une heure de religion <strong>obligatoire<\/strong> dans notre d\u00e9partement seulement, qui n&rsquo;apparait donc pas dans les programmes nationaux mais qui existe bien et grignote les quotas horaires.<\/p>\n\n\n\n<p>Donc non, <em>on ne respecte pas les quotas \u00e0 la minute pr\u00e8s<\/em> ! Mais m\u00eame dans un fonctionnement classique, <strong>QUI pourrait sinc\u00e8rement prouver qu&rsquo;il a bien respect\u00e9 les heures obligatoires de chaque mati\u00e8re, chaque semaine ?<\/strong> peu de monde je pense.<\/p>\n\n\n\n<p>Mais <strong>rassurez-vous<\/strong>, lorsque nous avons \u00e9t\u00e9 visit\u00e9 par notre hi\u00e9rarchie cette ann\u00e9e pour parler de ce nouveau fonctionnement, la question est arriv\u00e9e dans la discussion &#8230; \u00e9videmment ! Et comme je suis sympa, je vais vous la faire courte en allant directement \u00e0 la conclusion de cet entretien :<\/p>\n\n\n\n<p>Les taux horaires hebdomadaires sont difficilement respectables car il y a souvent des impr\u00e9vus, des s\u00e9ances \u00e0 revoir ou des s\u00e9ances \u00e0 comp\u00e9tences transversales. L&rsquo;important est de respecter, autant que faire se peut, les quotas <strong>annuels<\/strong> de chaque discipline.<\/p>\n\n\n\n<p><em>Nous ne devrions donc pas \u00eatre fouett\u00e9(e)s sur la place publique. \ud83d\ude09<\/em><\/p>\n\n\n\n<p>Alors, pour celles et ceux qui sont int\u00e9ress\u00e9s par ce syst\u00e8me et qui craignent des \u00ab\u00a0repr\u00e9sailles\u00a0\u00bb \u00e0 ce sujet, voil\u00e0 mon conseil :<\/p>\n\n\n\n<p>Respirez un bon coup et ne doutez pas de vous car si vous vous posez cette question, c&rsquo;est que vous \u00eates un<strong> fonctionnaire consciencieux<\/strong> doubl\u00e9 d&rsquo;un <strong>tr\u00e8s bon enseignant<\/strong> ! Vous essayez de faire au mieux pour lier <strong>obligation<\/strong> et <strong>pratique efficace<\/strong>. Vous essayez donc de faire <strong>TOUT<\/strong> ce que vous pouvez ! Qu&rsquo;y a-t-il de mal l\u00e0-dedans ? <strong>RIEN<\/strong> ! Et qu&rsquo;y a-t-il de bien ? <strong>TELLEMENT<\/strong> !<\/p>\n\n\n\n<p><strong>En bref, \u00ab\u00a0no stress Ma\u00eetresse\u00a0\u00bb ! \ud83d\ude09<\/strong><\/p>\n\n\n\n<p><em>\u00ab\u00a0Avec quel logiciel as-tu fait ton emploi du temps ?\u00a0\u00bb<\/em><\/p>\n\n\n\n<p>J&rsquo;ai utilis\u00e9 l&rsquo;application \u00ab\u00a0Cahier Journal\u00a0\u00bb d&rsquo;<a href=\"https:\/\/www.edumoov.com\/\">Edumoov<\/a>. <strong>EduMoov est une soci\u00e9t\u00e9 <\/strong>qui propose une<strong> solution en ligne de cahier-journal num\u00e9rique<\/strong> tout simplement g\u00e9nial. Cette&nbsp;application \u00ab&nbsp;Cahier Journal&nbsp;\u00bb a \u00e9t\u00e9 con\u00e7ue pour faciliter et automatiser des t\u00e2ches de pr\u00e9paration quotidienne de la classe. Cette application est <strong>payante<\/strong> : pour moins de 10\u20ac par an vous pouvez disposer d&rsquo;une multitude de fonctionnalit\u00e9s qui vont vous faciliter la vie, c&rsquo;est certain !<\/p>\n\n\n\n<p><em>Pour plus d&rsquo;informations, des explications claires, des photos et m\u00eame des tutos, rendez-vous sur <a href=\"https:\/\/outilstice.com\/2016\/08\/edumoov-un-cahier-journal-numerique-pour-vous-faciliter-la-vie\/\">ce site.<\/a><\/em><\/p>\n\n\n\n<p><em>Je vous laisse donc avec mes emplois du temps provisoires : le PDF r\u00e9alis\u00e9 sur Edumoov ainsi qu&rsquo;une petite remise en page au format PPT.<\/em><\/p>\n\n\n\n<figure class=\"wp-block-image\"><a href=\"https:\/\/ekladata.com\/BrUHxnB8c2AvODwXgpyQ85FfQ7I.pdf\"><img decoding=\"async\" src=\"https:\/\/ekladata.com\/AZw52e-5jkTqd4WTbVNzrBRhPts@250x250.png\" alt=\"Emploi du temps 2017-2018\"\/><\/a><\/figure>\n\n\n\n<figure class=\"wp-block-image size-full\"><img loading=\"lazy\" decoding=\"async\" width=\"500\" height=\"282\" src=\"https:\/\/maitresseaurel.grouik.fr\/wp-content\/uploads\/2017\/08\/image-7.jpeg\" alt=\"\" class=\"wp-image-2497\" srcset=\"https:\/\/maitresseaurel.fr\/wp-content\/uploads\/2017\/08\/image-7.jpeg 500w, https:\/\/maitresseaurel.fr\/wp-content\/uploads\/2017\/08\/image-7-300x169.jpeg 300w\" sizes=\"auto, (max-width: 500px) 100vw, 500px\" \/><\/figure>\n\n\n\n<p><em><strong>Bonne lecture<\/strong><\/em><\/p>\n\n\n\n<p><em><strong>Mise \u00e0 jour du 01\/09\/2017 :<\/strong><\/em><\/p>\n\n\n\n<p>Suite \u00e0 la r\u00e9union de pr\u00e9-rentr\u00e9e, les horaires de piscine et de gymnase ont chang\u00e9es pour ma classe. Voici donc deux versions mises \u00e0 jour de mon <a href=\"https:\/\/ekladata.com\/3J26sXtVA2H9wwBBVbxBa_DZMIA.pdf\">EDT pour 2017-2018 <\/a>(avec et sans piscine).<\/p>\n\n\n\n<p><em><strong>Mise \u00e0 jour du 01\/04\/2017 : <\/strong><\/em>(ce n&rsquo;est pas un poisson, promis ! ;-))<\/p>\n\n\n\n<p>Je mets \u00e0 votre disposition ici mon dernier emploi du temps en date (valble pour les p\u00e9riode 3&nbsp; \u00e0 5 de l&rsquo;ann\u00e9e &#8230; normalement ! ;-)).<\/p>\n\n\n\n<p>J&rsquo;ai d\u00fb le r\u00e9am\u00e9nager l\u00e9g\u00e8rement durant les vacances d&rsquo;hiver afin de l&rsquo;adapter aux derniers changements en date <em>(RASED encadr\u00e9 rouge de l&rsquo;amploi du temps, Ma\u00eetresse PDMQDC &#8230;).<\/em><\/p>\n\n\n\n<figure class=\"wp-block-image\"><a href=\"https:\/\/ekladata.com\/MjFE-_vamyxYJJ5uA3tw97-VNLg.pdf\"><img decoding=\"async\" src=\"https:\/\/ekladata.com\/_0ZyvMvtuMhruOsznyZ5Hbd6J_U@500x291.png\" alt=\"Emploi du temps 2017-2018\"\/><\/a><\/figure>\n\n\n\n<p><em>NB : Cet emploi du temps a seulement une valeur informative pour vous faire part de mon organisation personnelle en centres d&rsquo;autonomie. Je vous laisse la libert\u00e9 et le soin de vous en inspirer (ou pas d&rsquo;ailleurs ! ;-)) pour trouver votre propre organisation en fonction de vos imp\u00e9ratifs, de votre classe et de vos envies ! \ud83d\ude09<\/em><\/p>\n","protected":false},"excerpt":{"rendered":"<p>&nbsp;Apr\u00e8s plusieurs jours de casse-t\u00eate et plusieurs nuits de r\u00e9flexion, voici enfin mon emploi du temps pour l&rsquo;ann\u00e9e scolaire 2017-2018 ! Enfin l&rsquo;\u00e9bauche au moins. Le conseil des ma\u00eetres de la pr\u00e9-rentr\u00e9e, les disponibilit\u00e9s des structures sportives et les \u00e9changes de services risquent de le modifier l\u00e9g\u00e8rement. \u00ab\u00a0Comment as-tu construit ton emploi du temps ?\u00a0\u00bb [&hellip;]<\/p>\n","protected":false},"author":1,"featured_media":2497,"comment_status":"open","ping_status":"open","sticky":false,"template":"","format":"standard","meta":{"footnotes":""},"categories":[2,20,23,25],"tags":[],"class_list":["post-878","post","type-post","status-publish","format-standard","has-post-thumbnail","hentry","category-amenagement","category-vers-une-pedagogie-flexible","category-supports","category-supports_enseignant"],"yoast_head":"<!-- This site is optimized with the Yoast SEO plugin v27.2 - https:\/\/yoast.com\/product\/yoast-seo-wordpress\/ -->\n<title>Emploi du temps : 4 jours et demi - maitresseaurel.fr<\/title>\n<meta name=\"robots\" content=\"index, follow, max-snippet:-1, max-image-preview:large, max-video-preview:-1\" \/>\n<link rel=\"canonical\" href=\"https:\/\/maitresseaurel.fr\/index.php\/2017\/08\/03\/emploi-du-temps-4-jours-et-demi-a130921924\/\" \/>\n<meta property=\"og:locale\" content=\"fr_FR\" \/>\n<meta property=\"og:type\" content=\"article\" \/>\n<meta property=\"og:title\" content=\"Emploi du temps : 4 jours et demi - maitresseaurel.fr\" \/>\n<meta property=\"og:description\" content=\"&nbsp;Apr\u00e8s plusieurs jours de casse-t\u00eate et plusieurs nuits de r\u00e9flexion, voici enfin mon emploi du temps pour l&rsquo;ann\u00e9e scolaire 2017-2018 ! Enfin l&rsquo;\u00e9bauche au moins. Le conseil des ma\u00eetres de la pr\u00e9-rentr\u00e9e, les disponibilit\u00e9s des structures sportives et les \u00e9changes de services risquent de le modifier l\u00e9g\u00e8rement. \u00ab\u00a0Comment as-tu construit ton emploi du temps ?\u00a0\u00bb [&hellip;]\" \/>\n<meta property=\"og:url\" content=\"https:\/\/maitresseaurel.fr\/index.php\/2017\/08\/03\/emploi-du-temps-4-jours-et-demi-a130921924\/\" \/>\n<meta property=\"og:site_name\" content=\"maitresseaurel.fr\" \/>\n<meta property=\"article:author\" content=\"https:\/\/www.facebook.com\/maitresseaurel\" \/>\n<meta property=\"article:published_time\" content=\"2017-08-03T18:44:34+00:00\" \/>\n<meta property=\"og:image\" content=\"https:\/\/ekladata.com\/AZw52e-5jkTqd4WTbVNzrBRhPts@250x250.png\" \/>\n<meta name=\"author\" content=\"Aur\u00e9lia\" \/>\n<meta name=\"twitter:card\" content=\"summary_large_image\" \/>\n<meta name=\"twitter:label1\" content=\"\u00c9crit par\" \/>\n\t<meta name=\"twitter:data1\" content=\"Aur\u00e9lia\" \/>\n\t<meta name=\"twitter:label2\" content=\"Dur\u00e9e de lecture estim\u00e9e\" \/>\n\t<meta name=\"twitter:data2\" content=\"6 minutes\" \/>\n<script type=\"application\/ld+json\" class=\"yoast-schema-graph\">{\"@context\":\"https:\/\/schema.org\",\"@graph\":[{\"@type\":\"Article\",\"@id\":\"https:\/\/maitresseaurel.fr\/index.php\/2017\/08\/03\/emploi-du-temps-4-jours-et-demi-a130921924\/#article\",\"isPartOf\":{\"@id\":\"https:\/\/maitresseaurel.fr\/index.php\/2017\/08\/03\/emploi-du-temps-4-jours-et-demi-a130921924\/\"},\"author\":{\"name\":\"Aur\u00e9lia\",\"@id\":\"https:\/\/maitresseaurel.fr\/#\/schema\/person\/026d4273414c5652f8ec9c6e1bb5267b\"},\"headline\":\"Emploi du temps : 4 jours et demi\",\"datePublished\":\"2017-08-03T18:44:34+00:00\",\"mainEntityOfPage\":{\"@id\":\"https:\/\/maitresseaurel.fr\/index.php\/2017\/08\/03\/emploi-du-temps-4-jours-et-demi-a130921924\/\"},\"wordCount\":1291,\"commentCount\":0,\"image\":{\"@id\":\"https:\/\/maitresseaurel.fr\/index.php\/2017\/08\/03\/emploi-du-temps-4-jours-et-demi-a130921924\/#primaryimage\"},\"thumbnailUrl\":\"https:\/\/maitresseaurel.fr\/wp-content\/uploads\/2017\/08\/image-7.jpeg\",\"articleSection\":[\"Classe flexible\",\"P\u00e9dagogie flexible\",\"Supports\",\"Supports PE\"],\"inLanguage\":\"fr-FR\",\"potentialAction\":[{\"@type\":\"CommentAction\",\"name\":\"Comment\",\"target\":[\"https:\/\/maitresseaurel.fr\/index.php\/2017\/08\/03\/emploi-du-temps-4-jours-et-demi-a130921924\/#respond\"]}]},{\"@type\":\"WebPage\",\"@id\":\"https:\/\/maitresseaurel.fr\/index.php\/2017\/08\/03\/emploi-du-temps-4-jours-et-demi-a130921924\/\",\"url\":\"https:\/\/maitresseaurel.fr\/index.php\/2017\/08\/03\/emploi-du-temps-4-jours-et-demi-a130921924\/\",\"name\":\"Emploi du temps : 4 jours et demi - maitresseaurel.fr\",\"isPartOf\":{\"@id\":\"https:\/\/maitresseaurel.fr\/#website\"},\"primaryImageOfPage\":{\"@id\":\"https:\/\/maitresseaurel.fr\/index.php\/2017\/08\/03\/emploi-du-temps-4-jours-et-demi-a130921924\/#primaryimage\"},\"image\":{\"@id\":\"https:\/\/maitresseaurel.fr\/index.php\/2017\/08\/03\/emploi-du-temps-4-jours-et-demi-a130921924\/#primaryimage\"},\"thumbnailUrl\":\"https:\/\/maitresseaurel.fr\/wp-content\/uploads\/2017\/08\/image-7.jpeg\",\"datePublished\":\"2017-08-03T18:44:34+00:00\",\"author\":{\"@id\":\"https:\/\/maitresseaurel.fr\/#\/schema\/person\/026d4273414c5652f8ec9c6e1bb5267b\"},\"breadcrumb\":{\"@id\":\"https:\/\/maitresseaurel.fr\/index.php\/2017\/08\/03\/emploi-du-temps-4-jours-et-demi-a130921924\/#breadcrumb\"},\"inLanguage\":\"fr-FR\",\"potentialAction\":[{\"@type\":\"ReadAction\",\"target\":[\"https:\/\/maitresseaurel.fr\/index.php\/2017\/08\/03\/emploi-du-temps-4-jours-et-demi-a130921924\/\"]}]},{\"@type\":\"ImageObject\",\"inLanguage\":\"fr-FR\",\"@id\":\"https:\/\/maitresseaurel.fr\/index.php\/2017\/08\/03\/emploi-du-temps-4-jours-et-demi-a130921924\/#primaryimage\",\"url\":\"https:\/\/maitresseaurel.fr\/wp-content\/uploads\/2017\/08\/image-7.jpeg\",\"contentUrl\":\"https:\/\/maitresseaurel.fr\/wp-content\/uploads\/2017\/08\/image-7.jpeg\",\"width\":500,\"height\":282},{\"@type\":\"BreadcrumbList\",\"@id\":\"https:\/\/maitresseaurel.fr\/index.php\/2017\/08\/03\/emploi-du-temps-4-jours-et-demi-a130921924\/#breadcrumb\",\"itemListElement\":[{\"@type\":\"ListItem\",\"position\":1,\"name\":\"Accueil\",\"item\":\"https:\/\/maitresseaurel.fr\/\"},{\"@type\":\"ListItem\",\"position\":2,\"name\":\"Emploi du temps : 4 jours et demi\"}]},{\"@type\":\"WebSite\",\"@id\":\"https:\/\/maitresseaurel.fr\/#website\",\"url\":\"https:\/\/maitresseaurel.fr\/\",\"name\":\"maitresseaurel.fr\",\"description\":\"\",\"potentialAction\":[{\"@type\":\"SearchAction\",\"target\":{\"@type\":\"EntryPoint\",\"urlTemplate\":\"https:\/\/maitresseaurel.fr\/?s={search_term_string}\"},\"query-input\":{\"@type\":\"PropertyValueSpecification\",\"valueRequired\":true,\"valueName\":\"search_term_string\"}}],\"inLanguage\":\"fr-FR\"},{\"@type\":\"Person\",\"@id\":\"https:\/\/maitresseaurel.fr\/#\/schema\/person\/026d4273414c5652f8ec9c6e1bb5267b\",\"name\":\"Aur\u00e9lia\",\"image\":{\"@type\":\"ImageObject\",\"inLanguage\":\"fr-FR\",\"@id\":\"https:\/\/secure.gravatar.com\/avatar\/56d026fc304d6002ba90f0747fcdd7abc5d0829042252f69e22f099af5bb00b1?s=96&d=mm&r=g\",\"url\":\"https:\/\/secure.gravatar.com\/avatar\/56d026fc304d6002ba90f0747fcdd7abc5d0829042252f69e22f099af5bb00b1?s=96&d=mm&r=g\",\"contentUrl\":\"https:\/\/secure.gravatar.com\/avatar\/56d026fc304d6002ba90f0747fcdd7abc5d0829042252f69e22f099af5bb00b1?s=96&d=mm&r=g\",\"caption\":\"Aur\u00e9lia\"},\"sameAs\":[\"https:\/\/maitresseaurel.fr\",\"https:\/\/www.facebook.com\/maitresseaurel\",\"https:\/\/www.instagram.com\/maitresse_aurel\/profilecard\/?igsh=MTV0ODVkeWcydXp3aQ==\",\"https:\/\/youtube.com\/@maitresseaurel590?si=D-w3cs66VCiDUyKn\"],\"url\":\"https:\/\/maitresseaurel.fr\/index.php\/author\/webmaster_k2451fyr\/\"}]}<\/script>\n<!-- \/ Yoast SEO plugin. -->","yoast_head_json":{"title":"Emploi du temps : 4 jours et demi - maitresseaurel.fr","robots":{"index":"index","follow":"follow","max-snippet":"max-snippet:-1","max-image-preview":"max-image-preview:large","max-video-preview":"max-video-preview:-1"},"canonical":"https:\/\/maitresseaurel.fr\/index.php\/2017\/08\/03\/emploi-du-temps-4-jours-et-demi-a130921924\/","og_locale":"fr_FR","og_type":"article","og_title":"Emploi du temps : 4 jours et demi - maitresseaurel.fr","og_description":"&nbsp;Apr\u00e8s plusieurs jours de casse-t\u00eate et plusieurs nuits de r\u00e9flexion, voici enfin mon emploi du temps pour l&rsquo;ann\u00e9e scolaire 2017-2018 ! Enfin l&rsquo;\u00e9bauche au moins. Le conseil des ma\u00eetres de la pr\u00e9-rentr\u00e9e, les disponibilit\u00e9s des structures sportives et les \u00e9changes de services risquent de le modifier l\u00e9g\u00e8rement. \u00ab\u00a0Comment as-tu construit ton emploi du temps ?\u00a0\u00bb [&hellip;]","og_url":"https:\/\/maitresseaurel.fr\/index.php\/2017\/08\/03\/emploi-du-temps-4-jours-et-demi-a130921924\/","og_site_name":"maitresseaurel.fr","article_author":"https:\/\/www.facebook.com\/maitresseaurel","article_published_time":"2017-08-03T18:44:34+00:00","og_image":[{"url":"https:\/\/ekladata.com\/AZw52e-5jkTqd4WTbVNzrBRhPts@250x250.png","type":"","width":"","height":""}],"author":"Aur\u00e9lia","twitter_card":"summary_large_image","twitter_misc":{"\u00c9crit par":"Aur\u00e9lia","Dur\u00e9e de lecture estim\u00e9e":"6 minutes"},"schema":{"@context":"https:\/\/schema.org","@graph":[{"@type":"Article","@id":"https:\/\/maitresseaurel.fr\/index.php\/2017\/08\/03\/emploi-du-temps-4-jours-et-demi-a130921924\/#article","isPartOf":{"@id":"https:\/\/maitresseaurel.fr\/index.php\/2017\/08\/03\/emploi-du-temps-4-jours-et-demi-a130921924\/"},"author":{"name":"Aur\u00e9lia","@id":"https:\/\/maitresseaurel.fr\/#\/schema\/person\/026d4273414c5652f8ec9c6e1bb5267b"},"headline":"Emploi du temps : 4 jours et demi","datePublished":"2017-08-03T18:44:34+00:00","mainEntityOfPage":{"@id":"https:\/\/maitresseaurel.fr\/index.php\/2017\/08\/03\/emploi-du-temps-4-jours-et-demi-a130921924\/"},"wordCount":1291,"commentCount":0,"image":{"@id":"https:\/\/maitresseaurel.fr\/index.php\/2017\/08\/03\/emploi-du-temps-4-jours-et-demi-a130921924\/#primaryimage"},"thumbnailUrl":"https:\/\/maitresseaurel.fr\/wp-content\/uploads\/2017\/08\/image-7.jpeg","articleSection":["Classe flexible","P\u00e9dagogie flexible","Supports","Supports PE"],"inLanguage":"fr-FR","potentialAction":[{"@type":"CommentAction","name":"Comment","target":["https:\/\/maitresseaurel.fr\/index.php\/2017\/08\/03\/emploi-du-temps-4-jours-et-demi-a130921924\/#respond"]}]},{"@type":"WebPage","@id":"https:\/\/maitresseaurel.fr\/index.php\/2017\/08\/03\/emploi-du-temps-4-jours-et-demi-a130921924\/","url":"https:\/\/maitresseaurel.fr\/index.php\/2017\/08\/03\/emploi-du-temps-4-jours-et-demi-a130921924\/","name":"Emploi du temps : 4 jours et demi - maitresseaurel.fr","isPartOf":{"@id":"https:\/\/maitresseaurel.fr\/#website"},"primaryImageOfPage":{"@id":"https:\/\/maitresseaurel.fr\/index.php\/2017\/08\/03\/emploi-du-temps-4-jours-et-demi-a130921924\/#primaryimage"},"image":{"@id":"https:\/\/maitresseaurel.fr\/index.php\/2017\/08\/03\/emploi-du-temps-4-jours-et-demi-a130921924\/#primaryimage"},"thumbnailUrl":"https:\/\/maitresseaurel.fr\/wp-content\/uploads\/2017\/08\/image-7.jpeg","datePublished":"2017-08-03T18:44:34+00:00","author":{"@id":"https:\/\/maitresseaurel.fr\/#\/schema\/person\/026d4273414c5652f8ec9c6e1bb5267b"},"breadcrumb":{"@id":"https:\/\/maitresseaurel.fr\/index.php\/2017\/08\/03\/emploi-du-temps-4-jours-et-demi-a130921924\/#breadcrumb"},"inLanguage":"fr-FR","potentialAction":[{"@type":"ReadAction","target":["https:\/\/maitresseaurel.fr\/index.php\/2017\/08\/03\/emploi-du-temps-4-jours-et-demi-a130921924\/"]}]},{"@type":"ImageObject","inLanguage":"fr-FR","@id":"https:\/\/maitresseaurel.fr\/index.php\/2017\/08\/03\/emploi-du-temps-4-jours-et-demi-a130921924\/#primaryimage","url":"https:\/\/maitresseaurel.fr\/wp-content\/uploads\/2017\/08\/image-7.jpeg","contentUrl":"https:\/\/maitresseaurel.fr\/wp-content\/uploads\/2017\/08\/image-7.jpeg","width":500,"height":282},{"@type":"BreadcrumbList","@id":"https:\/\/maitresseaurel.fr\/index.php\/2017\/08\/03\/emploi-du-temps-4-jours-et-demi-a130921924\/#breadcrumb","itemListElement":[{"@type":"ListItem","position":1,"name":"Accueil","item":"https:\/\/maitresseaurel.fr\/"},{"@type":"ListItem","position":2,"name":"Emploi du temps : 4 jours et demi"}]},{"@type":"WebSite","@id":"https:\/\/maitresseaurel.fr\/#website","url":"https:\/\/maitresseaurel.fr\/","name":"maitresseaurel.fr","description":"","potentialAction":[{"@type":"SearchAction","target":{"@type":"EntryPoint","urlTemplate":"https:\/\/maitresseaurel.fr\/?s={search_term_string}"},"query-input":{"@type":"PropertyValueSpecification","valueRequired":true,"valueName":"search_term_string"}}],"inLanguage":"fr-FR"},{"@type":"Person","@id":"https:\/\/maitresseaurel.fr\/#\/schema\/person\/026d4273414c5652f8ec9c6e1bb5267b","name":"Aur\u00e9lia","image":{"@type":"ImageObject","inLanguage":"fr-FR","@id":"https:\/\/secure.gravatar.com\/avatar\/56d026fc304d6002ba90f0747fcdd7abc5d0829042252f69e22f099af5bb00b1?s=96&d=mm&r=g","url":"https:\/\/secure.gravatar.com\/avatar\/56d026fc304d6002ba90f0747fcdd7abc5d0829042252f69e22f099af5bb00b1?s=96&d=mm&r=g","contentUrl":"https:\/\/secure.gravatar.com\/avatar\/56d026fc304d6002ba90f0747fcdd7abc5d0829042252f69e22f099af5bb00b1?s=96&d=mm&r=g","caption":"Aur\u00e9lia"},"sameAs":["https:\/\/maitresseaurel.fr","https:\/\/www.facebook.com\/maitresseaurel","https:\/\/www.instagram.com\/maitresse_aurel\/profilecard\/?igsh=MTV0ODVkeWcydXp3aQ==","https:\/\/youtube.com\/@maitresseaurel590?si=D-w3cs66VCiDUyKn"],"url":"https:\/\/maitresseaurel.fr\/index.php\/author\/webmaster_k2451fyr\/"}]}},"_links":{"self":[{"href":"https:\/\/maitresseaurel.fr\/index.php\/wp-json\/wp\/v2\/posts\/878","targetHints":{"allow":["GET"]}}],"collection":[{"href":"https:\/\/maitresseaurel.fr\/index.php\/wp-json\/wp\/v2\/posts"}],"about":[{"href":"https:\/\/maitresseaurel.fr\/index.php\/wp-json\/wp\/v2\/types\/post"}],"author":[{"embeddable":true,"href":"https:\/\/maitresseaurel.fr\/index.php\/wp-json\/wp\/v2\/users\/1"}],"replies":[{"embeddable":true,"href":"https:\/\/maitresseaurel.fr\/index.php\/wp-json\/wp\/v2\/comments?post=878"}],"version-history":[{"count":0,"href":"https:\/\/maitresseaurel.fr\/index.php\/wp-json\/wp\/v2\/posts\/878\/revisions"}],"wp:featuredmedia":[{"embeddable":true,"href":"https:\/\/maitresseaurel.fr\/index.php\/wp-json\/wp\/v2\/media\/2497"}],"wp:attachment":[{"href":"https:\/\/maitresseaurel.fr\/index.php\/wp-json\/wp\/v2\/media?parent=878"}],"wp:term":[{"taxonomy":"category","embeddable":true,"href":"https:\/\/maitresseaurel.fr\/index.php\/wp-json\/wp\/v2\/categories?post=878"},{"taxonomy":"post_tag","embeddable":true,"href":"https:\/\/maitresseaurel.fr\/index.php\/wp-json\/wp\/v2\/tags?post=878"}],"curies":[{"name":"wp","href":"https:\/\/api.w.org\/{rel}","templated":true}]}}